{"id":352442,"date":"2025-05-04T14:16:58","date_gmt":"2025-05-04T11:16:58","guid":{"rendered":"https:\/\/sana.sy\/es\/?p=352442"},"modified":"2025-05-04T14:17:03","modified_gmt":"2025-05-04T11:17:03","slug":"%f0%9f%9a%a6desfile-en-damasco-por-el-dia-mundial-del-trafico","status":"publish","type":"post","link":"https:\/\/archive.sana.sy\/es\/?p=352442","title":{"rendered":"&#x1f6a6;Desfile en Damasco por el D\u00eda Mundial del Tr\u00e1fico"},"content":{"rendered":"<p style=\"text-align: justify;\"><span style=\"color: #800000;\"><strong>Damasco, 4 may (SANA) <\/strong><\/span>Con motivo del D\u00eda Mundial del Tr\u00e1fico, unidades de la polic\u00eda del Departamento de Tr\u00e1fico de Damasco organizaron un desfile por las avenidas de la ciudad.<\/p>\n<p style=\"text-align: justify;\">La acci\u00f3n tuvo como objetivo resaltar la importancia de este d\u00eda y el compromiso de la polic\u00eda de tr\u00e1nsito en promover el cumplimiento de las leyes e inculcar una cultura de concienciaci\u00f3n vial entre los ciudadanos.<\/p>\n<div id='gallery-1' class='gallery galleryid-352442 gallery-columns-1 gallery-size-full'><figure class='gallery-item'>\n\t\t\t<div class='gallery-icon landscape'>\n\t\t\t\t<a href='https:\/\/archive.sana.sy\/es\/wp-content\/uploads\/2025\/05\/photo_2025-05-04_14-10-40-1.jpg'><img loading=\"lazy\" decoding=\"async\" width=\"1280\" height=\"744\" src=\"https:\/\/archive.sana.sy\/es\/wp-content\/uploads\/2025\/05\/photo_2025-05-04_14-10-40-1.jpg\" class=\"attachment-full size-full\" alt=\"\" srcset=\"https:\/\/archive.sana.sy\/es\/wp-content\/uploads\/2025\/05\/photo_2025-05-04_14-10-40-1.jpg 1280w, https:\/\/archive.sana.sy\/es\/wp-content\/uploads\/2025\/05\/photo_2025-05-04_14-10-40-1-300x174.jpg 300w, https:\/\/archive.sana.sy\/es\/wp-content\/uploads\/2025\/05\/photo_2025-05-04_14-10-40-1-1024x595.jpg 1024w, https:\/\/archive.sana.sy\/es\/wp-content\/uploads\/2025\/05\/photo_2025-05-04_14-10-40-1-150x87.jpg 150w, https:\/\/archive.sana.sy\/es\/wp-content\/uploads\/2025\/05\/photo_2025-05-04_14-10-40-1-768x446.jpg 768w\" sizes=\"(max-width: 1280px) 100vw, 1280px\" \/><\/a>\n\t\t\t<\/div><\/figure><figure class='gallery-item'>\n\t\t\t<div class='gallery-icon landscape'>\n\t\t\t\t<a href='https:\/\/archive.sana.sy\/es\/wp-content\/uploads\/2025\/05\/photo_2025-05-04_14-08-55-3.jpg'><img loading=\"lazy\" decoding=\"async\" width=\"1280\" height=\"853\" src=\"https:\/\/archive.sana.sy\/es\/wp-content\/uploads\/2025\/05\/photo_2025-05-04_14-08-55-3.jpg\" class=\"attachment-full size-full\" alt=\"\" srcset=\"https:\/\/archive.sana.sy\/es\/wp-content\/uploads\/2025\/05\/photo_2025-05-04_14-08-55-3.jpg 1280w, https:\/\/archive.sana.sy\/es\/wp-content\/uploads\/2025\/05\/photo_2025-05-04_14-08-55-3-300x200.jpg 300w, https:\/\/archive.sana.sy\/es\/wp-content\/uploads\/2025\/05\/photo_2025-05-04_14-08-55-3-1024x682.jpg 1024w, https:\/\/archive.sana.sy\/es\/wp-content\/uploads\/2025\/05\/photo_2025-05-04_14-08-55-3-150x100.jpg 150w, https:\/\/archive.sana.sy\/es\/wp-content\/uploads\/2025\/05\/photo_2025-05-04_14-08-55-3-768x512.jpg 768w\" sizes=\"(max-width: 1280px) 100vw, 1280px\" \/><\/a>\n\t\t\t<\/div><\/figure><figure class='gallery-item'>\n\t\t\t<div class='gallery-icon landscape'>\n\t\t\t\t<a href='https:\/\/archive.sana.sy\/es\/wp-content\/uploads\/2025\/05\/photo_2025-05-04_14-08-55-2.jpg'><img loading=\"lazy\" decoding=\"async\" width=\"1280\" height=\"853\" src=\"https:\/\/archive.sana.sy\/es\/wp-content\/uploads\/2025\/05\/photo_2025-05-04_14-08-55-2.jpg\" class=\"attachment-full size-full\" alt=\"\" srcset=\"https:\/\/archive.sana.sy\/es\/wp-content\/uploads\/2025\/05\/photo_2025-05-04_14-08-55-2.jpg 1280w, https:\/\/archive.sana.sy\/es\/wp-content\/uploads\/2025\/05\/photo_2025-05-04_14-08-55-2-300x200.jpg 300w, https:\/\/archive.sana.sy\/es\/wp-content\/uploads\/2025\/05\/photo_2025-05-04_14-08-55-2-1024x682.jpg 1024w, https:\/\/archive.sana.sy\/es\/wp-content\/uploads\/2025\/05\/photo_2025-05-04_14-08-55-2-150x100.jpg 150w, https:\/\/archive.sana.sy\/es\/wp-content\/uploads\/2025\/05\/photo_2025-05-04_14-08-55-2-768x512.jpg 768w\" sizes=\"(max-width: 1280px) 100vw, 1280px\" \/><\/a>\n\t\t\t<\/div><\/figure><figure class='gallery-item'>\n\t\t\t<div class='gallery-icon landscape'>\n\t\t\t\t<a href='https:\/\/archive.sana.sy\/es\/wp-content\/uploads\/2025\/05\/photo_2025-05-04_14-08-55.jpg'><img loading=\"lazy\" decoding=\"async\" width=\"1280\" height=\"838\" src=\"https:\/\/archive.sana.sy\/es\/wp-content\/uploads\/2025\/05\/photo_2025-05-04_14-08-55.jpg\" class=\"attachment-full size-full\" alt=\"\" srcset=\"https:\/\/archive.sana.sy\/es\/wp-content\/uploads\/2025\/05\/photo_2025-05-04_14-08-55.jpg 1280w, https:\/\/archive.sana.sy\/es\/wp-content\/uploads\/2025\/05\/photo_2025-05-04_14-08-55-300x196.jpg 300w, https:\/\/archive.sana.sy\/es\/wp-content\/uploads\/2025\/05\/photo_2025-05-04_14-08-55-1024x670.jpg 1024w, https:\/\/archive.sana.sy\/es\/wp-content\/uploads\/2025\/05\/photo_2025-05-04_14-08-55-150x98.jpg 150w, https:\/\/archive.sana.sy\/es\/wp-content\/uploads\/2025\/05\/photo_2025-05-04_14-08-55-768x503.jpg 768w\" sizes=\"(max-width: 1280px) 100vw, 1280px\" \/><\/a>\n\t\t\t<\/div><\/figure><figure class='gallery-item'>\n\t\t\t<div class='gallery-icon landscape'>\n\t\t\t\t<a href='https:\/\/archive.sana.sy\/es\/wp-content\/uploads\/2025\/05\/photo_2025-05-04_14-16-15.jpg'><img loading=\"lazy\" decoding=\"async\" width=\"1280\" height=\"853\" src=\"https:\/\/archive.sana.sy\/es\/wp-content\/uploads\/2025\/05\/photo_2025-05-04_14-16-15.jpg\" class=\"attachment-full size-full\" alt=\"\" srcset=\"https:\/\/archive.sana.sy\/es\/wp-content\/uploads\/2025\/05\/photo_2025-05-04_14-16-15.jpg 1280w, https:\/\/archive.sana.sy\/es\/wp-content\/uploads\/2025\/05\/photo_2025-05-04_14-16-15-300x200.jpg 300w, https:\/\/archive.sana.sy\/es\/wp-content\/uploads\/2025\/05\/photo_2025-05-04_14-16-15-1024x682.jpg 1024w, https:\/\/archive.sana.sy\/es\/wp-content\/uploads\/2025\/05\/photo_2025-05-04_14-16-15-150x100.jpg 150w, https:\/\/archive.sana.sy\/es\/wp-content\/uploads\/2025\/05\/photo_2025-05-04_14-16-15-768x512.jpg 768w\" sizes=\"(max-width: 1280px) 100vw, 1280px\" \/><\/a>\n\t\t\t<\/div><\/figure>\n\t\t<\/div>\n\n","protected":false},"excerpt":{"rendered":"<p>Damasco, 4 may (SANA) Con motivo del D\u00eda Mundial del Tr\u00e1fico, unidades de la polic\u00eda del Departamento de Tr\u00e1fico de Damasco organizaron un desfile por las avenidas de la ciudad. La acci\u00f3n tuvo como objetivo resaltar la importancia de este d\u00eda y el compromiso de la polic\u00eda de tr\u00e1nsito en promover el cumplimiento de las &hellip;<\/p>\n","protected":false},"author":42,"featured_media":352443,"comment_status":"closed","ping_status":"closed","sticky":false,"template":"","format":"standard","meta":{"footnotes":""},"categories":[597,20724,476,7541],"tags":[],"class_list":["post-352442","post","type-post","status-publish","format-standard","has-post-thumbnail","","category-cinta-de-noticias","category-minuto-a-minuto","category-locales","category-ultimas-noticias"],"_links":{"self":[{"href":"https:\/\/archive.sana.sy\/es\/index.php?rest_route=\/wp\/v2\/posts\/352442"}],"collection":[{"href":"https:\/\/archive.sana.sy\/es\/index.php?rest_route=\/wp\/v2\/posts"}],"about":[{"href":"https:\/\/archive.sana.sy\/es\/index.php?rest_route=\/wp\/v2\/types\/post"}],"author":[{"embeddable":true,"href":"https:\/\/archive.sana.sy\/es\/index.php?rest_route=\/wp\/v2\/users\/42"}],"replies":[{"embeddable":true,"href":"https:\/\/archive.sana.sy\/es\/index.php?rest_route=%2Fwp%2Fv2%2Fcomments&post=352442"}],"version-history":[{"count":1,"href":"https:\/\/archive.sana.sy\/es\/index.php?rest_route=\/wp\/v2\/posts\/352442\/revisions"}],"predecessor-version":[{"id":352449,"href":"https:\/\/archive.sana.sy\/es\/index.php?rest_route=\/wp\/v2\/posts\/352442\/revisions\/352449"}],"wp:featuredmedia":[{"embeddable":true,"href":"https:\/\/archive.sana.sy\/es\/index.php?rest_route=\/wp\/v2\/media\/352443"}],"wp:attachment":[{"href":"https:\/\/archive.sana.sy\/es\/index.php?rest_route=%2Fwp%2Fv2%2Fmedia&parent=352442"}],"wp:term":[{"taxonomy":"category","embeddable":true,"href":"https:\/\/archive.sana.sy\/es\/index.php?rest_route=%2Fwp%2Fv2%2Fcategories&post=352442"},{"taxonomy":"post_tag","embeddable":true,"href":"https:\/\/archive.sana.sy\/es\/index.php?rest_route=%2Fwp%2Fv2%2Ftags&post=352442"}],"curies":[{"name":"wp","href":"https:\/\/api.w.org\/{rel}","templated":true}]}}