{"id":352450,"date":"2025-05-04T14:32:55","date_gmt":"2025-05-04T11:32:55","guid":{"rendered":"https:\/\/sana.sy\/es\/?p=352450"},"modified":"2025-05-04T14:33:50","modified_gmt":"2025-05-04T11:33:50","slug":"jaramana-el-colorido-lienzo-de-siria","status":"publish","type":"post","link":"https:\/\/archive.sana.sy\/es\/?p=352450","title":{"rendered":"Jaramana, el colorido lienzo de Siria"},"content":{"rendered":"<p style=\"text-align: justify;\"><span style=\"color: #800000;\"><strong>Damasco, 4 may (SANA)<\/strong> <\/span>Al sureste de Damasco, la capital siria, se encuentra la ciudad de Jaramana, con una superficie de aproximadamente 600 hect\u00e1reas. Su nombre, derivado del idioma arameo, significa \u201chombres fuertes\u201d y refleja su resiliencia a lo largo de la historia y ante los desaf\u00edos del presente.<\/p>\n<p style=\"text-align: justify;\"><span style=\"color: #000080;\"><strong>Jaramana: Siria en miniatura<\/strong><\/span><\/p>\n<p style=\"text-align: justify;\">Jaramana ha sido llamada durante mucho tiempo &#8220;la peque\u00f1a Siria&#8221;, no solo por su proximidad a Damasco, sino tambi\u00e9n por ser una encarnaci\u00f3n viviente de la diversidad siria. All\u00ed, musulmanes y cristianos conviv\u00edan en armon\u00eda y acog\u00edan a refugiados procedentes de diversas provincias sirias y de pa\u00edses vecinos, convirti\u00e9ndose en un modelo de unidad nacional y cohesi\u00f3n social.<\/p>\n<p style=\"text-align: justify;\">La importancia de Jaramana no se limita a su diversidad <span style=\"color: #000080;\">demogr\u00e1fica.<\/span> Tambi\u00e9n representa un centro econ\u00f3mico vital en la campi\u00f1a de Damasco, famoso por su vibrante actividad comercial y sus instalaciones industriales que apoyan la econom\u00eda local.<\/p>\n<p style=\"text-align: justify;\"><span style=\"color: #000080;\"><strong>De un pueblo agr\u00edcola a una ciudad bulliciosa<img loading=\"lazy\" decoding=\"async\" class=\"size-medium wp-image-352452 alignright\" src=\"http:\/\/sana.sy\/es\/wp-content\/uploads\/2025\/05\/photo_2025-05-04_14-26-57-3-300x166.jpg\" alt=\"\" width=\"300\" height=\"166\" srcset=\"https:\/\/archive.sana.sy\/es\/wp-content\/uploads\/2025\/05\/photo_2025-05-04_14-26-57-3-300x166.jpg 300w, https:\/\/archive.sana.sy\/es\/wp-content\/uploads\/2025\/05\/photo_2025-05-04_14-26-57-3-1024x567.jpg 1024w, https:\/\/archive.sana.sy\/es\/wp-content\/uploads\/2025\/05\/photo_2025-05-04_14-26-57-3-150x83.jpg 150w, https:\/\/archive.sana.sy\/es\/wp-content\/uploads\/2025\/05\/photo_2025-05-04_14-26-57-3-768x425.jpg 768w, https:\/\/archive.sana.sy\/es\/wp-content\/uploads\/2025\/05\/photo_2025-05-04_14-26-57-3.jpg 1109w\" sizes=\"(max-width: 300px) 100vw, 300px\" \/><\/strong><\/span><\/p>\n<p style=\"text-align: justify;\">Jaramana, cuyos or\u00edgenes se remontan a tiempos antiguos, fue mencionada por historiadores destacados como Yaqut Al-Hamawi e Ibn Battuta. Era uno de los pueblos f\u00e9rtiles de la Ghouta de Damasco, que depend\u00eda de la agricultura, especialmente del cultivo de nogales y albaricoqueros, y era regada por el r\u00edo Aqrabani, un afluente del Barada.<\/p>\n<p style=\"text-align: justify;\">Con el tiempo, se transform\u00f3 en una ciudad vibrante, cuya poblaci\u00f3n aument\u00f3 de 5.000 habitantes en la d\u00e9cada de 1950 a casi un mill\u00f3n con la afluencia de personas de otras provincias. Esto le proporcion\u00f3 una rica diversidad que inclu\u00eda a todos los componentes de la sociedad siria, as\u00ed como a refugiados de Palestina e Irak.<\/p>\n<p style=\"text-align: justify;\"><span style=\"color: #000080;\"><strong>Jaramana y la Revoluci\u00f3n Siria: un refugio para los desplazados<\/strong><\/span><\/p>\n<p style=\"text-align: justify;\">Al comienzo de la Revoluci\u00f3n Siria, Jaramana acogi\u00f3 a miles de personas desplazadas de las zonas afectadas por el conflicto. Su poblaci\u00f3n ascendi\u00f3 a casi dos millones, afirmando as\u00ed su papel humanitario y el esp\u00edritu de solidaridad entre su gente. Jaramana tambi\u00e9n fue una de las primeras zonas de Damasco que reflej\u00f3 la fe de su pueblo en la libertad y la dignidad.<\/p>\n<p style=\"text-align: justify;\"><span style=\"color: #000080;\"><strong>Econom\u00eda diversificada y urbanizaci\u00f3n renovada<\/strong><\/span><\/p>\n<p style=\"text-align: justify;\">Jaramana fue testigo de una transformaci\u00f3n econ\u00f3mica de la agricultura al comercio y la industria, con un importante desarrollo urbano. Sus mezquitas e iglesias reflejan su diversidad.<\/p>\n<p style=\"text-align: justify;\"><span style=\"color: #000080;\"><strong>Un modelo para la unidad de la nueva Siria<img loading=\"lazy\" decoding=\"async\" class=\"size-medium wp-image-352453 alignright\" src=\"http:\/\/sana.sy\/es\/wp-content\/uploads\/2025\/05\/photo_2025-05-04_14-26-57-2-300x169.jpg\" alt=\"\" width=\"300\" height=\"169\" srcset=\"https:\/\/archive.sana.sy\/es\/wp-content\/uploads\/2025\/05\/photo_2025-05-04_14-26-57-2-300x169.jpg 300w, https:\/\/archive.sana.sy\/es\/wp-content\/uploads\/2025\/05\/photo_2025-05-04_14-26-57-2-1024x577.jpg 1024w, https:\/\/archive.sana.sy\/es\/wp-content\/uploads\/2025\/05\/photo_2025-05-04_14-26-57-2-150x85.jpg 150w, https:\/\/archive.sana.sy\/es\/wp-content\/uploads\/2025\/05\/photo_2025-05-04_14-26-57-2-768x433.jpg 768w, https:\/\/archive.sana.sy\/es\/wp-content\/uploads\/2025\/05\/photo_2025-05-04_14-26-57-2.jpg 1100w\" sizes=\"(max-width: 300px) 100vw, 300px\" \/><\/strong><\/span><\/p>\n<p style=\"text-align: justify;\">Hoy, Jaramana afirma la importancia del di\u00e1logo y la convivencia. Las autoridades locales trabajan con los notables de la ciudad para mejorar la seguridad y la estabilidad. Durante la fase de reconstrucci\u00f3n, su pueblo aspira a servir de modelo para una nueva Siria basada en la unidad nacional y el desarrollo sostenible, reviviendo los valores de tolerancia y paz que caracterizan a la aut\u00e9ntica sociedad siria.<\/p>\n","protected":false},"excerpt":{"rendered":"<p>Damasco, 4 may (SANA) Al sureste de Damasco, la capital siria, se encuentra la ciudad de Jaramana, con una superficie de aproximadamente 600 hect\u00e1reas. Su nombre, derivado del idioma arameo, significa \u201chombres fuertes\u201d y refleja su resiliencia a lo largo de la historia y ante los desaf\u00edos del presente. Jaramana: Siria en miniatura Jaramana ha &hellip;<\/p>\n","protected":false},"author":42,"featured_media":352451,"comment_status":"closed","ping_status":"closed","sticky":false,"template":"","format":"standard","meta":{"footnotes":""},"categories":[447,597,510,20724,7541,18781],"tags":[],"class_list":["post-352450","post","type-post","status-publish","format-standard","has-post-thumbnail","","category-local-politica","category-cinta-de-noticias","category-arte-y-cultura","category-minuto-a-minuto","category-ultimas-noticias","category-vistazos-sobre-siria"],"_links":{"self":[{"href":"https:\/\/archive.sana.sy\/es\/index.php?rest_route=\/wp\/v2\/posts\/352450"}],"collection":[{"href":"https:\/\/archive.sana.sy\/es\/index.php?rest_route=\/wp\/v2\/posts"}],"about":[{"href":"https:\/\/archive.sana.sy\/es\/index.php?rest_route=\/wp\/v2\/types\/post"}],"author":[{"embeddable":true,"href":"https:\/\/archive.sana.sy\/es\/index.php?rest_route=\/wp\/v2\/users\/42"}],"replies":[{"embeddable":true,"href":"https:\/\/archive.sana.sy\/es\/index.php?rest_route=%2Fwp%2Fv2%2Fcomments&post=352450"}],"version-history":[{"count":1,"href":"https:\/\/archive.sana.sy\/es\/index.php?rest_route=\/wp\/v2\/posts\/352450\/revisions"}],"predecessor-version":[{"id":352455,"href":"https:\/\/archive.sana.sy\/es\/index.php?rest_route=\/wp\/v2\/posts\/352450\/revisions\/352455"}],"wp:featuredmedia":[{"embeddable":true,"href":"https:\/\/archive.sana.sy\/es\/index.php?rest_route=\/wp\/v2\/media\/352451"}],"wp:attachment":[{"href":"https:\/\/archive.sana.sy\/es\/index.php?rest_route=%2Fwp%2Fv2%2Fmedia&parent=352450"}],"wp:term":[{"taxonomy":"category","embeddable":true,"href":"https:\/\/archive.sana.sy\/es\/index.php?rest_route=%2Fwp%2Fv2%2Fcategories&post=352450"},{"taxonomy":"post_tag","embeddable":true,"href":"https:\/\/archive.sana.sy\/es\/index.php?rest_route=%2Fwp%2Fv2%2Ftags&post=352450"}],"curies":[{"name":"wp","href":"https:\/\/api.w.org\/{rel}","templated":true}]}}