{"id":352458,"date":"2025-05-04T14:59:41","date_gmt":"2025-05-04T11:59:41","guid":{"rendered":"https:\/\/sana.sy\/es\/?p=352458"},"modified":"2025-05-04T14:59:42","modified_gmt":"2025-05-04T11:59:42","slug":"siria-firmara-un-acuerdo-para-importar-electricidad-de-turkiye","status":"publish","type":"post","link":"https:\/\/archive.sana.sy\/es\/?p=352458","title":{"rendered":"Siria firmar\u00e1 un acuerdo para importar electricidad de T\u00fcrkiye"},"content":{"rendered":"<p style=\"text-align: justify;\"><span style=\"color: #800000;\"><strong>Damasco, 4 may (SANA)<\/strong> <\/span>El ministro sirio de Energ\u00eda, Mohammed Al-Bashir, revel\u00f3 que Siria firmar\u00e1 pr\u00f3ximamente un acuerdo para importar electricidad desde T\u00fcrkiye a trav\u00e9s de una l\u00ednea de 400 kilovoltios que se extender\u00e1 desde T\u00fcrkiye hasta Siria, adem\u00e1s de trabajar en un gasoducto natural entre Kilis y Alepo.<\/p>\n<p style=\"text-align: justify;\">Al-Bashir explic\u00f3, en una declaraci\u00f3n a SANA, que pr\u00f3ximamente comenzar\u00e1 a funcionar una l\u00ednea de suministro el\u00e9ctrico que unir\u00e1 Reyhanli y el \u00e1rea de Harem en la provincia de Idlib. Una vez finalizada, se transferir\u00e1n aproximadamente 80 megavatios de electricidad al norte de Siria desde el lado turco.<\/p>\n<p style=\"text-align: justify;\">\u201cEl gasoducto nos permitir\u00e1 suministrar 6 millones de metros c\u00fabicos de gas diariamente a las centrales el\u00e9ctricas de Siria, lo que contribuir\u00e1 a mejorar la situaci\u00f3n energ\u00e9tica del pa\u00eds\u201d, aclar\u00f3.<\/p>\n<p style=\"text-align: justify;\">Respecto al sector minero, el ministro de Energ\u00eda se\u00f1al\u00f3 que se mantuvieron conversaciones con la parte turca sobre la extracci\u00f3n de minerales como fosfato y litio, y tambi\u00e9n se plante\u00f3 la posibilidad de explorar gas natural en aguas territoriales.<\/p>\n<p style=\"text-align: justify;\">Al-Bashir invit\u00f3 a las empresas turcas a invertir en Siria y dijo que la inversi\u00f3n est\u00e1 disponible en todos los sectores energ\u00e9ticos, incluyendo la exploraci\u00f3n, refinaci\u00f3n y transporte de petr\u00f3leo y gas natural, as\u00ed como la rehabilitaci\u00f3n de l\u00edneas el\u00e9ctricas y centrales el\u00e9ctricas, y la reconstrucci\u00f3n de refiner\u00edas.<\/p>\n","protected":false},"excerpt":{"rendered":"<p>Damasco, 4 may (SANA) El ministro sirio de Energ\u00eda, Mohammed Al-Bashir, revel\u00f3 que Siria firmar\u00e1 pr\u00f3ximamente un acuerdo para importar electricidad desde T\u00fcrkiye a trav\u00e9s de una l\u00ednea de 400 kilovoltios que se extender\u00e1 desde T\u00fcrkiye hasta Siria, adem\u00e1s de trabajar en un gasoducto natural entre Kilis y Alepo. Al-Bashir explic\u00f3, en una declaraci\u00f3n a &hellip;<\/p>\n","protected":false},"author":34,"featured_media":352459,"comment_status":"closed","ping_status":"closed","sticky":false,"template":"","format":"standard","meta":{"footnotes":""},"categories":[477,597,16686,20724,476,467,7541],"tags":[],"class_list":["post-352458","post","type-post","status-publish","format-standard","has-post-thumbnail","","category-noticias-edulcorantes","category-cinta-de-noticias","category-economia","category-minuto-a-minuto","category-locales","category-siria-y-el-mundo","category-ultimas-noticias"],"_links":{"self":[{"href":"https:\/\/archive.sana.sy\/es\/index.php?rest_route=\/wp\/v2\/posts\/352458"}],"collection":[{"href":"https:\/\/archive.sana.sy\/es\/index.php?rest_route=\/wp\/v2\/posts"}],"about":[{"href":"https:\/\/archive.sana.sy\/es\/index.php?rest_route=\/wp\/v2\/types\/post"}],"author":[{"embeddable":true,"href":"https:\/\/archive.sana.sy\/es\/index.php?rest_route=\/wp\/v2\/users\/34"}],"replies":[{"embeddable":true,"href":"https:\/\/archive.sana.sy\/es\/index.php?rest_route=%2Fwp%2Fv2%2Fcomments&post=352458"}],"version-history":[{"count":1,"href":"https:\/\/archive.sana.sy\/es\/index.php?rest_route=\/wp\/v2\/posts\/352458\/revisions"}],"predecessor-version":[{"id":352460,"href":"https:\/\/archive.sana.sy\/es\/index.php?rest_route=\/wp\/v2\/posts\/352458\/revisions\/352460"}],"wp:featuredmedia":[{"embeddable":true,"href":"https:\/\/archive.sana.sy\/es\/index.php?rest_route=\/wp\/v2\/media\/352459"}],"wp:attachment":[{"href":"https:\/\/archive.sana.sy\/es\/index.php?rest_route=%2Fwp%2Fv2%2Fmedia&parent=352458"}],"wp:term":[{"taxonomy":"category","embeddable":true,"href":"https:\/\/archive.sana.sy\/es\/index.php?rest_route=%2Fwp%2Fv2%2Fcategories&post=352458"},{"taxonomy":"post_tag","embeddable":true,"href":"https:\/\/archive.sana.sy\/es\/index.php?rest_route=%2Fwp%2Fv2%2Ftags&post=352458"}],"curies":[{"name":"wp","href":"https:\/\/api.w.org\/{rel}","templated":true}]}}