{"id":352471,"date":"2025-05-04T17:10:07","date_gmt":"2025-05-04T14:10:07","guid":{"rendered":"https:\/\/sana.sy\/es\/?p=352471"},"modified":"2025-05-04T17:10:07","modified_gmt":"2025-05-04T14:10:07","slug":"canal-de-noticias-sirio-ikhbariya-lanza-este-lunes-su-transmision-via-satelite","status":"publish","type":"post","link":"https:\/\/archive.sana.sy\/es\/?p=352471","title":{"rendered":"Canal de noticias sirio \u201cIkhbariya\u201d lanza este lunes su transmisi\u00f3n v\u00eda sat\u00e9lite"},"content":{"rendered":"<p style=\"text-align: justify;\"><span style=\"color: #800000;\">Damasco, 4 may (SANA)<\/span> Este lunes, 5 de mayo, a las 17:00 horas, el Canal de Noticias Sirio (Ikhbariya) lanzar\u00e1 su primera transmisi\u00f3n oficial v\u00eda sat\u00e9lite con su nueva identidad visual.<\/p>\n<p style=\"text-align: justify;\">Esta emisi\u00f3n forma parte del plan del Ministerio de Informaci\u00f3n para relanzar los medios oficiales.<\/p>\n<p style=\"text-align: justify;\">El director del canal Jamil Surur, explic\u00f3 a SANA que el canal de noticias lanz\u00f3 su primera transmisi\u00f3n experimental en el sat\u00e9lite Nilesat, seg\u00fan las frecuencias 12303 H 27500 y 11938 V 27500, y los sat\u00e9lites \u201cSuhail I\u201d y \u201cSuhail II\u201d de la compa\u00f1\u00eda satelital qatar\u00ed \u201cSuhail Sat\u201d.<\/p>\n<p style=\"text-align: justify;\">Seg\u00fan Surur, el canal cubrir\u00e1 todos los acontecimientos actuales en Siria desde una perspectiva nacional, ofreciendo una gama de noticias y programas relacionados con la pol\u00edtica, la econom\u00eda y los medios de vida, adem\u00e1s de centrarse en las plataformas de redes sociales.<\/p>\n","protected":false},"excerpt":{"rendered":"<p>Damasco, 4 may (SANA) Este lunes, 5 de mayo, a las 17:00 horas, el Canal de Noticias Sirio (Ikhbariya) lanzar\u00e1 su primera transmisi\u00f3n oficial v\u00eda sat\u00e9lite con su nueva identidad visual. Esta emisi\u00f3n forma parte del plan del Ministerio de Informaci\u00f3n para relanzar los medios oficiales. El director del canal Jamil Surur, explic\u00f3 a SANA &hellip;<\/p>\n","protected":false},"author":34,"featured_media":352472,"comment_status":"closed","ping_status":"closed","sticky":false,"template":"","format":"standard","meta":{"footnotes":""},"categories":[477,447,597,20724,476,7541],"tags":[],"class_list":["post-352471","post","type-post","status-publish","format-standard","has-post-thumbnail","","category-noticias-edulcorantes","category-local-politica","category-cinta-de-noticias","category-minuto-a-minuto","category-locales","category-ultimas-noticias"],"_links":{"self":[{"href":"https:\/\/archive.sana.sy\/es\/index.php?rest_route=\/wp\/v2\/posts\/352471"}],"collection":[{"href":"https:\/\/archive.sana.sy\/es\/index.php?rest_route=\/wp\/v2\/posts"}],"about":[{"href":"https:\/\/archive.sana.sy\/es\/index.php?rest_route=\/wp\/v2\/types\/post"}],"author":[{"embeddable":true,"href":"https:\/\/archive.sana.sy\/es\/index.php?rest_route=\/wp\/v2\/users\/34"}],"replies":[{"embeddable":true,"href":"https:\/\/archive.sana.sy\/es\/index.php?rest_route=%2Fwp%2Fv2%2Fcomments&post=352471"}],"version-history":[{"count":1,"href":"https:\/\/archive.sana.sy\/es\/index.php?rest_route=\/wp\/v2\/posts\/352471\/revisions"}],"predecessor-version":[{"id":352473,"href":"https:\/\/archive.sana.sy\/es\/index.php?rest_route=\/wp\/v2\/posts\/352471\/revisions\/352473"}],"wp:featuredmedia":[{"embeddable":true,"href":"https:\/\/archive.sana.sy\/es\/index.php?rest_route=\/wp\/v2\/media\/352472"}],"wp:attachment":[{"href":"https:\/\/archive.sana.sy\/es\/index.php?rest_route=%2Fwp%2Fv2%2Fmedia&parent=352471"}],"wp:term":[{"taxonomy":"category","embeddable":true,"href":"https:\/\/archive.sana.sy\/es\/index.php?rest_route=%2Fwp%2Fv2%2Fcategories&post=352471"},{"taxonomy":"post_tag","embeddable":true,"href":"https:\/\/archive.sana.sy\/es\/index.php?rest_route=%2Fwp%2Fv2%2Ftags&post=352471"}],"curies":[{"name":"wp","href":"https:\/\/api.w.org\/{rel}","templated":true}]}}