{"id":35252,"date":"2015-12-16T21:38:00","date_gmt":"2015-12-16T19:38:00","guid":{"rendered":"http:\/\/sana.sy\/es\/?p=35252"},"modified":"2015-12-16T21:38:00","modified_gmt":"2015-12-16T19:38:00","slug":"fuerzas-iraquies-matan-a-17-terroristas-de-daesh","status":"publish","type":"post","link":"https:\/\/archive.sana.sy\/es\/?p=35252","title":{"rendered":"Fuerzas iraqu\u00edes matan a 17 terroristas de Daesh"},"content":{"rendered":"<p style=\"text-align: justify\"><span style=\"color: #800000\">Bagdad, SANA<\/span>&#8211; Las tropas iraqu\u00edes aniquilan a al menos 17 miembros del grupo terrorista EI (Daesh), entre ellos varios cabecillas, en la ciudad occidental iraqu\u00ed de Ramadi.<\/p>\n<p style=\"text-align: justify\">\u201cAyer (el martes), hubo fuertes enfrentamientos con los terroristas de Daesh en el frente oriental de Ramadi, que acabaron con la muerte de 17 integrantes de este grupo, entre ellos tres cabecillas extranjeros\u201d, ha afirmado este mi\u00e9rcoles el comandante de la divisi\u00f3n octava del Ej\u00e9rcito de la provincia de Al-Anbar (oeste), Mayid al-Fatlavi, a la televisi\u00f3n local Alsumaria.<\/p>\n<p style=\"text-align: justify\">El comandante ha agregado que en el marco de los operativos anti-terroristas, los soldados destruyeron 15 coches cargados con explosivos por los terroristas.<\/p>\n<p style=\"text-align: justify\">E de se\u00f1alar que Irak desde junio de 2014 afronta una cruenta guerra contra Daesh, que conquist\u00f3 varias zonas en el norte y el oeste de este territorio, donde sigue cometiendo diversos cr\u00edmenes de lesa humanidad, entre ellos ejecuciones sumarias y secuestros masivos.<\/p>\n<p>M.Miri<\/p>\n","protected":false},"excerpt":{"rendered":"<p>Bagdad, SANA&#8211; Las tropas iraqu\u00edes aniquilan a al menos 17 miembros del grupo terrorista EI (Daesh), entre ellos varios cabecillas, en la ciudad occidental iraqu\u00ed de Ramadi. \u201cAyer (el martes), hubo fuertes enfrentamientos con los terroristas de Daesh en el frente oriental de Ramadi, que acabaron con la muerte de 17 integrantes de este grupo, &hellip;<\/p>\n","protected":false},"author":1,"featured_media":35253,"comment_status":"closed","ping_status":"closed","sticky":false,"template":"","format":"standard","meta":{"footnotes":""},"categories":[456,457],"tags":[7605],"class_list":["post-35252","post","type-post","status-publish","format-standard","has-post-thumbnail","","category-arabe-internacional-politica","category-noticias-arabe-internacional-politica","tag-fuerzas-iraquies-matan-a-17-terroristas-de-daesh"],"_links":{"self":[{"href":"https:\/\/archive.sana.sy\/es\/index.php?rest_route=\/wp\/v2\/posts\/35252"}],"collection":[{"href":"https:\/\/archive.sana.sy\/es\/index.php?rest_route=\/wp\/v2\/posts"}],"about":[{"href":"https:\/\/archive.sana.sy\/es\/index.php?rest_route=\/wp\/v2\/types\/post"}],"author":[{"embeddable":true,"href":"https:\/\/archive.sana.sy\/es\/index.php?rest_route=\/wp\/v2\/users\/1"}],"replies":[{"embeddable":true,"href":"https:\/\/archive.sana.sy\/es\/index.php?rest_route=%2Fwp%2Fv2%2Fcomments&post=35252"}],"version-history":[{"count":0,"href":"https:\/\/archive.sana.sy\/es\/index.php?rest_route=\/wp\/v2\/posts\/35252\/revisions"}],"wp:featuredmedia":[{"embeddable":true,"href":"https:\/\/archive.sana.sy\/es\/index.php?rest_route=\/wp\/v2\/media\/35253"}],"wp:attachment":[{"href":"https:\/\/archive.sana.sy\/es\/index.php?rest_route=%2Fwp%2Fv2%2Fmedia&parent=35252"}],"wp:term":[{"taxonomy":"category","embeddable":true,"href":"https:\/\/archive.sana.sy\/es\/index.php?rest_route=%2Fwp%2Fv2%2Fcategories&post=35252"},{"taxonomy":"post_tag","embeddable":true,"href":"https:\/\/archive.sana.sy\/es\/index.php?rest_route=%2Fwp%2Fv2%2Ftags&post=35252"}],"curies":[{"name":"wp","href":"https:\/\/api.w.org\/{rel}","templated":true}]}}