{"id":352540,"date":"2025-05-05T13:45:12","date_gmt":"2025-05-05T10:45:12","guid":{"rendered":"https:\/\/sana.sy\/es\/?p=352540"},"modified":"2025-05-05T13:45:12","modified_gmt":"2025-05-05T10:45:12","slug":"la-liga-musulmana-mundial-condena-los-ataques-israelies-contra-siria","status":"publish","type":"post","link":"https:\/\/archive.sana.sy\/es\/?p=352540","title":{"rendered":"La Liga Musulmana Mundial condena los ataques israel\u00edes contra Siria"},"content":{"rendered":"<p style=\"text-align: justify;\"><span style=\"color: #800000;\">\u00a0Doha, 5 may (SANA)<\/span> La Uni\u00f3n Internacional de Eruditos Musulmanes conden\u00f3 los ataques israel\u00edes contra Siria y sus intentos de incitar al sectarismo, y pidi\u00f3 a los pa\u00edses \u00e1rabes e isl\u00e1micos que apoyen a esta naci\u00f3n.<\/p>\n<p style=\"text-align: justify;\">Por medio de un comunicado publicado en su sitio web, la Uni\u00f3n afirm\u00f3 que \u201csigue con profunda preocupaci\u00f3n y condena los intensos ataques a\u00e9reos israel\u00edes en varias zonas del territorio sirio, que constituyen una flagrante violaci\u00f3n a la soberan\u00eda de un Estado \u00e1rabe e isl\u00e1mico, as\u00ed como a la seguridad y estabilidad de su pueblo\u201d.<\/p>\n<p style=\"text-align: justify;\">La Uni\u00f3n afirm\u00f3 que el enemigo israel\u00ed no ha escatimado ni escatimar\u00e1 esfuerzos para frustrar cualquier intento de estabilidad en Siria. M\u00e1s bien, busca, con todas sus herramientas, debilitar a cualquier potencia emergente all\u00ed y promover su divisi\u00f3n fomentando el conflicto, en un escenario que refleja sus ambiciones expansionistas y su enfoque agresivo, tradicional y moderno.<\/p>\n","protected":false},"excerpt":{"rendered":"<p>\u00a0Doha, 5 may (SANA) La Uni\u00f3n Internacional de Eruditos Musulmanes conden\u00f3 los ataques israel\u00edes contra Siria y sus intentos de incitar al sectarismo, y pidi\u00f3 a los pa\u00edses \u00e1rabes e isl\u00e1micos que apoyen a esta naci\u00f3n. Por medio de un comunicado publicado en su sitio web, la Uni\u00f3n afirm\u00f3 que \u201csigue con profunda preocupaci\u00f3n y &hellip;<\/p>\n","protected":false},"author":32,"featured_media":352541,"comment_status":"closed","ping_status":"closed","sticky":false,"template":"","format":"standard","meta":{"footnotes":""},"categories":[597,20724,467,7541],"tags":[],"class_list":["post-352540","post","type-post","status-publish","format-standard","has-post-thumbnail","","category-cinta-de-noticias","category-minuto-a-minuto","category-siria-y-el-mundo","category-ultimas-noticias"],"_links":{"self":[{"href":"https:\/\/archive.sana.sy\/es\/index.php?rest_route=\/wp\/v2\/posts\/352540"}],"collection":[{"href":"https:\/\/archive.sana.sy\/es\/index.php?rest_route=\/wp\/v2\/posts"}],"about":[{"href":"https:\/\/archive.sana.sy\/es\/index.php?rest_route=\/wp\/v2\/types\/post"}],"author":[{"embeddable":true,"href":"https:\/\/archive.sana.sy\/es\/index.php?rest_route=\/wp\/v2\/users\/32"}],"replies":[{"embeddable":true,"href":"https:\/\/archive.sana.sy\/es\/index.php?rest_route=%2Fwp%2Fv2%2Fcomments&post=352540"}],"version-history":[{"count":1,"href":"https:\/\/archive.sana.sy\/es\/index.php?rest_route=\/wp\/v2\/posts\/352540\/revisions"}],"predecessor-version":[{"id":352542,"href":"https:\/\/archive.sana.sy\/es\/index.php?rest_route=\/wp\/v2\/posts\/352540\/revisions\/352542"}],"wp:featuredmedia":[{"embeddable":true,"href":"https:\/\/archive.sana.sy\/es\/index.php?rest_route=\/wp\/v2\/media\/352541"}],"wp:attachment":[{"href":"https:\/\/archive.sana.sy\/es\/index.php?rest_route=%2Fwp%2Fv2%2Fmedia&parent=352540"}],"wp:term":[{"taxonomy":"category","embeddable":true,"href":"https:\/\/archive.sana.sy\/es\/index.php?rest_route=%2Fwp%2Fv2%2Fcategories&post=352540"},{"taxonomy":"post_tag","embeddable":true,"href":"https:\/\/archive.sana.sy\/es\/index.php?rest_route=%2Fwp%2Fv2%2Ftags&post=352540"}],"curies":[{"name":"wp","href":"https:\/\/api.w.org\/{rel}","templated":true}]}}