{"id":352559,"date":"2025-05-05T17:32:08","date_gmt":"2025-05-05T14:32:08","guid":{"rendered":"https:\/\/sana.sy\/es\/?p=352559"},"modified":"2025-05-05T17:32:08","modified_gmt":"2025-05-05T14:32:08","slug":"ministro-de-informacion-recibe-a-periodistas-que-fueron-victimas-de-agresiones-en-sweida","status":"publish","type":"post","link":"https:\/\/archive.sana.sy\/es\/?p=352559","title":{"rendered":"Ministro de Informaci\u00f3n recibe a periodistas que fueron v\u00edctimas de agresiones en Sweida"},"content":{"rendered":"<p style=\"text-align: justify;\"><span style=\"color: #800000;\"><strong>Damasco, 05 may (SANA)\u00a0<\/strong><\/span> El ministro de Informaci\u00f3n, Hamza Al-Mustafa, recibi\u00f3 a varios periodistas que fueron v\u00edctimas de agresiones y violaciones mientras desempe\u00f1aban sus funciones period\u00edsticas en la provincia de Sweida.<\/p>\n<p style=\"text-align: justify;\">El Titular destac\u00f3 el compromiso del Ministerio de proteger a los periodistas y dar seguimiento a sus casos en coordinaci\u00f3n con las autoridades pertinentes para garantizar un entorno medi\u00e1tico seguro.<\/p>\n<div id='gallery-1' class='gallery galleryid-352559 gallery-columns-1 gallery-size-full'><figure class='gallery-item'>\n\t\t\t<div class='gallery-icon landscape'>\n\t\t\t\t<a href='https:\/\/archive.sana.sy\/es\/wp-content\/uploads\/2025\/05\/photo_2025-05-05_16-05-23.jpg'><img loading=\"lazy\" decoding=\"async\" width=\"1280\" height=\"853\" src=\"https:\/\/archive.sana.sy\/es\/wp-content\/uploads\/2025\/05\/photo_2025-05-05_16-05-23.jpg\" class=\"attachment-full size-full\" alt=\"\" srcset=\"https:\/\/archive.sana.sy\/es\/wp-content\/uploads\/2025\/05\/photo_2025-05-05_16-05-23.jpg 1280w, https:\/\/archive.sana.sy\/es\/wp-content\/uploads\/2025\/05\/photo_2025-05-05_16-05-23-300x200.jpg 300w, https:\/\/archive.sana.sy\/es\/wp-content\/uploads\/2025\/05\/photo_2025-05-05_16-05-23-1024x682.jpg 1024w, https:\/\/archive.sana.sy\/es\/wp-content\/uploads\/2025\/05\/photo_2025-05-05_16-05-23-150x100.jpg 150w, https:\/\/archive.sana.sy\/es\/wp-content\/uploads\/2025\/05\/photo_2025-05-05_16-05-23-768x512.jpg 768w\" sizes=\"(max-width: 1280px) 100vw, 1280px\" \/><\/a>\n\t\t\t<\/div><\/figure><figure class='gallery-item'>\n\t\t\t<div class='gallery-icon landscape'>\n\t\t\t\t<a href='https:\/\/archive.sana.sy\/es\/wp-content\/uploads\/2025\/05\/photo_2025-05-05_16-05-23-2.jpg'><img loading=\"lazy\" decoding=\"async\" width=\"1280\" height=\"853\" src=\"https:\/\/archive.sana.sy\/es\/wp-content\/uploads\/2025\/05\/photo_2025-05-05_16-05-23-2.jpg\" class=\"attachment-full size-full\" alt=\"\" srcset=\"https:\/\/archive.sana.sy\/es\/wp-content\/uploads\/2025\/05\/photo_2025-05-05_16-05-23-2.jpg 1280w, https:\/\/archive.sana.sy\/es\/wp-content\/uploads\/2025\/05\/photo_2025-05-05_16-05-23-2-300x200.jpg 300w, https:\/\/archive.sana.sy\/es\/wp-content\/uploads\/2025\/05\/photo_2025-05-05_16-05-23-2-1024x682.jpg 1024w, https:\/\/archive.sana.sy\/es\/wp-content\/uploads\/2025\/05\/photo_2025-05-05_16-05-23-2-150x100.jpg 150w, https:\/\/archive.sana.sy\/es\/wp-content\/uploads\/2025\/05\/photo_2025-05-05_16-05-23-2-768x512.jpg 768w\" sizes=\"(max-width: 1280px) 100vw, 1280px\" \/><\/a>\n\t\t\t<\/div><\/figure><figure class='gallery-item'>\n\t\t\t<div class='gallery-icon landscape'>\n\t\t\t\t<a href='https:\/\/archive.sana.sy\/es\/wp-content\/uploads\/2025\/05\/photo_2025-05-05_16-05-22-2.jpg'><img loading=\"lazy\" decoding=\"async\" width=\"1280\" height=\"853\" src=\"https:\/\/archive.sana.sy\/es\/wp-content\/uploads\/2025\/05\/photo_2025-05-05_16-05-22-2.jpg\" class=\"attachment-full size-full\" alt=\"\" srcset=\"https:\/\/archive.sana.sy\/es\/wp-content\/uploads\/2025\/05\/photo_2025-05-05_16-05-22-2.jpg 1280w, https:\/\/archive.sana.sy\/es\/wp-content\/uploads\/2025\/05\/photo_2025-05-05_16-05-22-2-300x200.jpg 300w, https:\/\/archive.sana.sy\/es\/wp-content\/uploads\/2025\/05\/photo_2025-05-05_16-05-22-2-1024x682.jpg 1024w, https:\/\/archive.sana.sy\/es\/wp-content\/uploads\/2025\/05\/photo_2025-05-05_16-05-22-2-150x100.jpg 150w, https:\/\/archive.sana.sy\/es\/wp-content\/uploads\/2025\/05\/photo_2025-05-05_16-05-22-2-768x512.jpg 768w\" sizes=\"(max-width: 1280px) 100vw, 1280px\" \/><\/a>\n\t\t\t<\/div><\/figure>\n\t\t<\/div>\n\n","protected":false},"excerpt":{"rendered":"<p>Damasco, 05 may (SANA)\u00a0 El ministro de Informaci\u00f3n, Hamza Al-Mustafa, recibi\u00f3 a varios periodistas que fueron v\u00edctimas de agresiones y violaciones mientras desempe\u00f1aban sus funciones period\u00edsticas en la provincia de Sweida. El Titular destac\u00f3 el compromiso del Ministerio de proteger a los periodistas y dar seguimiento a sus casos en coordinaci\u00f3n con las autoridades pertinentes &hellip;<\/p>\n","protected":false},"author":31,"featured_media":352560,"comment_status":"closed","ping_status":"closed","sticky":false,"template":"","format":"standard","meta":{"footnotes":""},"categories":[597,476],"tags":[],"class_list":["post-352559","post","type-post","status-publish","format-standard","has-post-thumbnail","","category-cinta-de-noticias","category-locales"],"_links":{"self":[{"href":"https:\/\/archive.sana.sy\/es\/index.php?rest_route=\/wp\/v2\/posts\/352559"}],"collection":[{"href":"https:\/\/archive.sana.sy\/es\/index.php?rest_route=\/wp\/v2\/posts"}],"about":[{"href":"https:\/\/archive.sana.sy\/es\/index.php?rest_route=\/wp\/v2\/types\/post"}],"author":[{"embeddable":true,"href":"https:\/\/archive.sana.sy\/es\/index.php?rest_route=\/wp\/v2\/users\/31"}],"replies":[{"embeddable":true,"href":"https:\/\/archive.sana.sy\/es\/index.php?rest_route=%2Fwp%2Fv2%2Fcomments&post=352559"}],"version-history":[{"count":1,"href":"https:\/\/archive.sana.sy\/es\/index.php?rest_route=\/wp\/v2\/posts\/352559\/revisions"}],"predecessor-version":[{"id":352564,"href":"https:\/\/archive.sana.sy\/es\/index.php?rest_route=\/wp\/v2\/posts\/352559\/revisions\/352564"}],"wp:featuredmedia":[{"embeddable":true,"href":"https:\/\/archive.sana.sy\/es\/index.php?rest_route=\/wp\/v2\/media\/352560"}],"wp:attachment":[{"href":"https:\/\/archive.sana.sy\/es\/index.php?rest_route=%2Fwp%2Fv2%2Fmedia&parent=352559"}],"wp:term":[{"taxonomy":"category","embeddable":true,"href":"https:\/\/archive.sana.sy\/es\/index.php?rest_route=%2Fwp%2Fv2%2Fcategories&post=352559"},{"taxonomy":"post_tag","embeddable":true,"href":"https:\/\/archive.sana.sy\/es\/index.php?rest_route=%2Fwp%2Fv2%2Ftags&post=352559"}],"curies":[{"name":"wp","href":"https:\/\/api.w.org\/{rel}","templated":true}]}}