{"id":352565,"date":"2025-05-05T18:18:26","date_gmt":"2025-05-05T15:18:26","guid":{"rendered":"https:\/\/sana.sy\/es\/?p=352565"},"modified":"2025-05-05T18:18:26","modified_gmt":"2025-05-05T15:18:26","slug":"lideres-drusos-aseguran-que-ataques-israelies-e-intervenciones-extranjeras-desestabilizan-siria","status":"publish","type":"post","link":"https:\/\/archive.sana.sy\/es\/?p=352565","title":{"rendered":"L\u00edderes drusos aseguran que ataques israel\u00edes e intervenciones extranjeras desestabilizan Siria"},"content":{"rendered":"<blockquote>\n<p style=\"text-align: justify;\"><strong>Subrayaron la necesidad de priorizar el lenguaje de la raz\u00f3n y la sabidur\u00eda en estas circunstancias, rechazando la incitaci\u00f3n aberrante practicada por algunos, cuya intenci\u00f3n es incitar al conflicto, sembrar discordia y propagar divisiones entre los hijos del pueblo sirio.<\/strong><\/p>\n<\/blockquote>\n<p style=\"text-align: justify;\"><span style=\"color: #800000;\"><strong>Sweida, 5 may (SANA)<\/strong><\/span>\u00a0 \u00a0La m\u00e1xima autoridad de la Comunidad Musulmana Monote\u00edsta Drusa conden\u00f3 los repetidos ataques israel\u00edes y todas las formas de injerencia extranjera en Siria.<\/p>\n<p style=\"text-align: justify;\">\u00abCondenamos los ataques israel\u00edes en su totalidad y denunciamos toda forma de intervenci\u00f3n y agresi\u00f3n extranjera. Consideramos estas agresiones una violaci\u00f3n de la soberan\u00eda nacional\u00bb, declar\u00f3 a SANA el jeque druso Youssef Jarbou.<\/p>\n<p style=\"text-align: justify;\">El jeque Hamoud Al-Hanawi tambi\u00e9n afirm\u00f3 que la agresi\u00f3n contra la patria es inaceptable para cualquier ciudadano, al igual que todos los ataques tanto internos como externos.<\/p>\n<p style=\"text-align: justify;\">Al-Hanawi a\u00f1adi\u00f3 que la injerencia extranjera tiene repercusiones negativas en la seguridad de la naci\u00f3n y sus ciudadanos y advirti\u00f3 sobre los ataques internos que amenazan la seguridad de la poblaci\u00f3n.<\/p>\n<p style=\"text-align: justify;\">Subray\u00f3 la importancia de que el Estado intervenga para garantizar la seguridad, prevenir estos ataques y disputas sectarias, establecer un alto el fuego y disuadir a los infractores que perjudican a ciudadanos pac\u00edficos y realizan acciones sin \u00f3rdenes de las autoridades estatales.<\/p>\n<p style=\"text-align: justify;\">En este contexto, los dos jeques destacaron los esfuerzos para facilitar y acelerar el restablecimiento de la seguridad y estabilidad, tras los ataques internos y los enfrentamientos en varias zonas, como Jaramana y Ashrafieh Sehnaya, cerca de Damasco.<\/p>\n<p style=\"text-align: justify;\">Reiteraron la necesidad de priorizar el lenguaje de la raz\u00f3n y la sabidur\u00eda en estas circunstancias, rechazando la aberrante incitaci\u00f3n que busca promover el conflicto y propagar la divisi\u00f3n entre las comunidades del pueblo sirio.<\/p>\n","protected":false},"excerpt":{"rendered":"<p>Subrayaron la necesidad de priorizar el lenguaje de la raz\u00f3n y la sabidur\u00eda en estas circunstancias, rechazando la incitaci\u00f3n aberrante practicada por algunos, cuya intenci\u00f3n es incitar al conflicto, sembrar discordia y propagar divisiones entre los hijos del pueblo sirio. Sweida, 5 may (SANA)\u00a0 \u00a0La m\u00e1xima autoridad de la Comunidad Musulmana Monote\u00edsta Drusa conden\u00f3 los &hellip;<\/p>\n","protected":false},"author":31,"featured_media":352566,"comment_status":"closed","ping_status":"closed","sticky":false,"template":"","format":"standard","meta":{"footnotes":""},"categories":[597,476,7541],"tags":[],"class_list":["post-352565","post","type-post","status-publish","format-standard","has-post-thumbnail","","category-cinta-de-noticias","category-locales","category-ultimas-noticias"],"_links":{"self":[{"href":"https:\/\/archive.sana.sy\/es\/index.php?rest_route=\/wp\/v2\/posts\/352565"}],"collection":[{"href":"https:\/\/archive.sana.sy\/es\/index.php?rest_route=\/wp\/v2\/posts"}],"about":[{"href":"https:\/\/archive.sana.sy\/es\/index.php?rest_route=\/wp\/v2\/types\/post"}],"author":[{"embeddable":true,"href":"https:\/\/archive.sana.sy\/es\/index.php?rest_route=\/wp\/v2\/users\/31"}],"replies":[{"embeddable":true,"href":"https:\/\/archive.sana.sy\/es\/index.php?rest_route=%2Fwp%2Fv2%2Fcomments&post=352565"}],"version-history":[{"count":1,"href":"https:\/\/archive.sana.sy\/es\/index.php?rest_route=\/wp\/v2\/posts\/352565\/revisions"}],"predecessor-version":[{"id":352567,"href":"https:\/\/archive.sana.sy\/es\/index.php?rest_route=\/wp\/v2\/posts\/352565\/revisions\/352567"}],"wp:featuredmedia":[{"embeddable":true,"href":"https:\/\/archive.sana.sy\/es\/index.php?rest_route=\/wp\/v2\/media\/352566"}],"wp:attachment":[{"href":"https:\/\/archive.sana.sy\/es\/index.php?rest_route=%2Fwp%2Fv2%2Fmedia&parent=352565"}],"wp:term":[{"taxonomy":"category","embeddable":true,"href":"https:\/\/archive.sana.sy\/es\/index.php?rest_route=%2Fwp%2Fv2%2Fcategories&post=352565"},{"taxonomy":"post_tag","embeddable":true,"href":"https:\/\/archive.sana.sy\/es\/index.php?rest_route=%2Fwp%2Fv2%2Ftags&post=352565"}],"curies":[{"name":"wp","href":"https:\/\/api.w.org\/{rel}","templated":true}]}}