{"id":352568,"date":"2025-05-05T19:11:52","date_gmt":"2025-05-05T16:11:52","guid":{"rendered":"https:\/\/sana.sy\/es\/?p=352568"},"modified":"2025-05-05T19:11:52","modified_gmt":"2025-05-05T16:11:52","slug":"siria-y-alemania-abogan-por-fortalecer-cooperacion-bilateral-en-campo-de-tecnologias-de-la-informacion","status":"publish","type":"post","link":"https:\/\/archive.sana.sy\/es\/?p=352568","title":{"rendered":"Siria y Alemania abogan por fortalecer cooperaci\u00f3n bilateral en campo de tecnolog\u00edas de la informaci\u00f3n"},"content":{"rendered":"<p style=\"text-align: justify;\"><span style=\"color: #800000;\"><strong>Damasco, 05 may (SANA)\u00a0<\/strong><\/span> El ministro de Telecomunicaciones y Tecnolog\u00edas de la Informaci\u00f3n, Abdul Salam Haikal, examin\u00f3 con la encargada de negocios de la Embajada de Alemania en Damasco, Margarete Jacob, las formas de mejorar la cooperaci\u00f3n bilateral en el sector de las comunicaciones y las tecnolog\u00edas de la informaci\u00f3n.<\/p>\n<p style=\"text-align: justify;\">La diplom\u00e1tica afirm\u00f3 el continuo apoyo y compromiso humanitario de su pa\u00eds hacia el pueblos sirio.<\/p>\n<p style=\"text-align: justify;\">Indic\u00f3 que la fase de transici\u00f3n en la que se encuentra Siria abrir\u00e1 nuevos horizontes y plantear\u00e1 desaf\u00edos que requieren la cooperaci\u00f3n conjunta entre ambos pa\u00edses.<\/p>\n<p style=\"text-align: justify;\">Reiter\u00f3 la disposici\u00f3n del gobierno alem\u00e1n a proporcionar el apoyo necesario para mejorar la estabilidad y el desarrollo en Siria. \u200f<\/p>\n<p style=\"text-align: justify;\">A su vez, Haikal inform\u00f3 sobre la visi\u00f3n de su ministerio para lograr la transformaci\u00f3n digital y el desarrollo de infraestructura en Siria.<br \/>\nSe\u00f1al\u00f3 que las sanciones impuestas a Siria constituyen un obst\u00e1culo para la transici\u00f3n hacia una transformaci\u00f3n digital efectiva, y destac\u00f3 los esfuerzos en curso para superar los desaf\u00edos y mejorar la cooperaci\u00f3n con los socios internacionales.<\/p>\n<p style=\"text-align: justify;\">Tambi\u00e9n expres\u00f3 su agradecimientos por el papel de Alemania en la acogida de los refugiados sirios.<\/p>\n","protected":false},"excerpt":{"rendered":"<p>Damasco, 05 may (SANA)\u00a0 El ministro de Telecomunicaciones y Tecnolog\u00edas de la Informaci\u00f3n, Abdul Salam Haikal, examin\u00f3 con la encargada de negocios de la Embajada de Alemania en Damasco, Margarete Jacob, las formas de mejorar la cooperaci\u00f3n bilateral en el sector de las comunicaciones y las tecnolog\u00edas de la informaci\u00f3n. La diplom\u00e1tica afirm\u00f3 el continuo &hellip;<\/p>\n","protected":false},"author":31,"featured_media":352569,"comment_status":"closed","ping_status":"closed","sticky":false,"template":"","format":"standard","meta":{"footnotes":""},"categories":[597,476,7541],"tags":[],"class_list":["post-352568","post","type-post","status-publish","format-standard","has-post-thumbnail","","category-cinta-de-noticias","category-locales","category-ultimas-noticias"],"_links":{"self":[{"href":"https:\/\/archive.sana.sy\/es\/index.php?rest_route=\/wp\/v2\/posts\/352568"}],"collection":[{"href":"https:\/\/archive.sana.sy\/es\/index.php?rest_route=\/wp\/v2\/posts"}],"about":[{"href":"https:\/\/archive.sana.sy\/es\/index.php?rest_route=\/wp\/v2\/types\/post"}],"author":[{"embeddable":true,"href":"https:\/\/archive.sana.sy\/es\/index.php?rest_route=\/wp\/v2\/users\/31"}],"replies":[{"embeddable":true,"href":"https:\/\/archive.sana.sy\/es\/index.php?rest_route=%2Fwp%2Fv2%2Fcomments&post=352568"}],"version-history":[{"count":1,"href":"https:\/\/archive.sana.sy\/es\/index.php?rest_route=\/wp\/v2\/posts\/352568\/revisions"}],"predecessor-version":[{"id":352570,"href":"https:\/\/archive.sana.sy\/es\/index.php?rest_route=\/wp\/v2\/posts\/352568\/revisions\/352570"}],"wp:featuredmedia":[{"embeddable":true,"href":"https:\/\/archive.sana.sy\/es\/index.php?rest_route=\/wp\/v2\/media\/352569"}],"wp:attachment":[{"href":"https:\/\/archive.sana.sy\/es\/index.php?rest_route=%2Fwp%2Fv2%2Fmedia&parent=352568"}],"wp:term":[{"taxonomy":"category","embeddable":true,"href":"https:\/\/archive.sana.sy\/es\/index.php?rest_route=%2Fwp%2Fv2%2Fcategories&post=352568"},{"taxonomy":"post_tag","embeddable":true,"href":"https:\/\/archive.sana.sy\/es\/index.php?rest_route=%2Fwp%2Fv2%2Ftags&post=352568"}],"curies":[{"name":"wp","href":"https:\/\/api.w.org\/{rel}","templated":true}]}}