{"id":352571,"date":"2025-05-05T19:20:19","date_gmt":"2025-05-05T16:20:19","guid":{"rendered":"https:\/\/sana.sy\/es\/?p=352571"},"modified":"2025-05-05T19:20:19","modified_gmt":"2025-05-05T16:20:19","slug":"siria-participa-en-7a-edicion-de-la-semana-arabe-del-agua-en-jordania","status":"publish","type":"post","link":"https:\/\/archive.sana.sy\/es\/?p=352571","title":{"rendered":"Siria participa en 7\u00aa edici\u00f3n de la Semana \u00c1rabe del Agua en Jordania"},"content":{"rendered":"<p style=\"text-align: justify;\"><span style=\"color: #800000;\"><strong>Am\u00e1n, 5 may (SANA)\u00a0<\/strong> <\/span>Con la participaci\u00f3n de Siria, la conferencia de la 7\u00aa edici\u00f3n de la Semana \u00c1rabe del Agua comenz\u00f3 en Am\u00e1n, la capital jordana, bajo el lema \u201cHacia la eficiencia y la sostenibilidad en las instalaciones a trav\u00e9s del nexo entre el agua, energ\u00eda, medio ambiente y alimentaci\u00f3n\u201d.<\/p>\n<p style=\"text-align: justify;\">Este evento tiene como objetivo examinar los desaf\u00edos del sector h\u00eddrico y la importancia de la integraci\u00f3n de recursos para lograr la seguridad h\u00eddrica.<\/p>\n<p style=\"text-align: justify;\">El jefe de la delegaci\u00f3n siria, el ministro adjunto de Energ\u00eda para Asuntos H\u00eddricos, Osama Abu Zeid, destac\u00f3 en su discurso durante la conferencia la importancia de la integraci\u00f3n de recursos a la luz del cambio clim\u00e1tico, y expres\u00f3 la aspiraci\u00f3n de Siria de mejorar la cooperaci\u00f3n t\u00e9cnica con los pa\u00edses participantes.<\/p>\n<p style=\"text-align: justify;\">La delegaci\u00f3n siria particip\u00f3 en las sesiones inaugurales y en eventos t\u00e9cnicos, donde se intercambiaron ideas y experiencias sobre los desaf\u00edos regionales y locales.<\/p>\n<p style=\"text-align: justify;\">El evento tiene lugar en el Centro de Convenciones Rey Hussein Bin Talal, y est\u00e1 organizada por la Asociaci\u00f3n \u00c1rabe de Servicios de Agua (ACWUA), en cooperaci\u00f3n con el Ministerio de Agua e Irrigaci\u00f3n de Jordania, el Consejo Ministerial \u00c1rabe del Agua y la Liga de los Estados \u00c1rabes,<\/p>\n","protected":false},"excerpt":{"rendered":"<p>Am\u00e1n, 5 may (SANA)\u00a0 Con la participaci\u00f3n de Siria, la conferencia de la 7\u00aa edici\u00f3n de la Semana \u00c1rabe del Agua comenz\u00f3 en Am\u00e1n, la capital jordana, bajo el lema \u201cHacia la eficiencia y la sostenibilidad en las instalaciones a trav\u00e9s del nexo entre el agua, energ\u00eda, medio ambiente y alimentaci\u00f3n\u201d. Este evento tiene como &hellip;<\/p>\n","protected":false},"author":31,"featured_media":352572,"comment_status":"closed","ping_status":"closed","sticky":false,"template":"","format":"standard","meta":{"footnotes":""},"categories":[597,467,7541],"tags":[],"class_list":["post-352571","post","type-post","status-publish","format-standard","has-post-thumbnail","","category-cinta-de-noticias","category-siria-y-el-mundo","category-ultimas-noticias"],"_links":{"self":[{"href":"https:\/\/archive.sana.sy\/es\/index.php?rest_route=\/wp\/v2\/posts\/352571"}],"collection":[{"href":"https:\/\/archive.sana.sy\/es\/index.php?rest_route=\/wp\/v2\/posts"}],"about":[{"href":"https:\/\/archive.sana.sy\/es\/index.php?rest_route=\/wp\/v2\/types\/post"}],"author":[{"embeddable":true,"href":"https:\/\/archive.sana.sy\/es\/index.php?rest_route=\/wp\/v2\/users\/31"}],"replies":[{"embeddable":true,"href":"https:\/\/archive.sana.sy\/es\/index.php?rest_route=%2Fwp%2Fv2%2Fcomments&post=352571"}],"version-history":[{"count":1,"href":"https:\/\/archive.sana.sy\/es\/index.php?rest_route=\/wp\/v2\/posts\/352571\/revisions"}],"predecessor-version":[{"id":352573,"href":"https:\/\/archive.sana.sy\/es\/index.php?rest_route=\/wp\/v2\/posts\/352571\/revisions\/352573"}],"wp:featuredmedia":[{"embeddable":true,"href":"https:\/\/archive.sana.sy\/es\/index.php?rest_route=\/wp\/v2\/media\/352572"}],"wp:attachment":[{"href":"https:\/\/archive.sana.sy\/es\/index.php?rest_route=%2Fwp%2Fv2%2Fmedia&parent=352571"}],"wp:term":[{"taxonomy":"category","embeddable":true,"href":"https:\/\/archive.sana.sy\/es\/index.php?rest_route=%2Fwp%2Fv2%2Fcategories&post=352571"},{"taxonomy":"post_tag","embeddable":true,"href":"https:\/\/archive.sana.sy\/es\/index.php?rest_route=%2Fwp%2Fv2%2Ftags&post=352571"}],"curies":[{"name":"wp","href":"https:\/\/api.w.org\/{rel}","templated":true}]}}