{"id":352574,"date":"2025-05-05T20:02:18","date_gmt":"2025-05-05T17:02:18","guid":{"rendered":"https:\/\/sana.sy\/es\/?p=352574"},"modified":"2025-05-05T20:02:18","modified_gmt":"2025-05-05T17:02:18","slug":"las-solicitudes-de-asilo-de-sirios-en-europa-disminuyen-significativamente","status":"publish","type":"post","link":"https:\/\/archive.sana.sy\/es\/?p=352574","title":{"rendered":"Las solicitudes de asilo de sirios en Europa disminuyen significativamente"},"content":{"rendered":"<p style=\"text-align: justify;\"><span style=\"color: #800000;\"><strong>Bruselas, 5 may (SANA)\u00a0\u00a0<\/strong><\/span> La Agencia de Asilo de la Uni\u00f3n Europea (AAUE) anunci\u00f3 hoy que, en febrero de 2025, los sirios presentaron uno de los n\u00fameros m\u00e1s bajos de solicitudes de asilo mensuales en m\u00e1s de una d\u00e9cada.<\/p>\n<p style=\"text-align: justify;\">Seg\u00fan revel\u00f3 la AAUE, citada por France-Presse, los sirios presentaron 5.000 solicitudes de asilo en los 27 Estados miembros de la UE, adem\u00e1s de Suiza y Noruega, durante el pasado mes de febrero, lo que representa un descenso del 34 por ciento en comparaci\u00f3n con enero.<\/p>\n<p style=\"text-align: justify;\">\u201cLas \u00faltimas cifras sobre asilo muestran la importancia de la estabilidad en otras regiones para Europa\u201d, afirm\u00f3 el Comisario Europeo de Asuntos Interiores y Migraci\u00f3n, Magnus Brunner.<\/p>\n<p style=\"text-align: justify;\">En febrero, los 27 Estados miembros de la UE, junto a Suiza y Noruega, recibieron alrededor de 69.000 solicitudes de asilo, siguiendo una tendencia descendente que se ha mantenido desde octubre de 2024, indic\u00f3.<\/p>\n<p style=\"text-align: justify;\">Detall\u00f3 que los sirios, que anteriormente constitu\u00edan el mayor n\u00famero de solicitantes, ocuparon el tercer lugar en febrero. Francia encabez\u00f3 la lista de pa\u00edses receptores, seguida de Espa\u00f1a y luego Alemania, que ha sido el principal destino de los sirios durante muchos a\u00f1os.<\/p>\n","protected":false},"excerpt":{"rendered":"<p>Bruselas, 5 may (SANA)\u00a0\u00a0 La Agencia de Asilo de la Uni\u00f3n Europea (AAUE) anunci\u00f3 hoy que, en febrero de 2025, los sirios presentaron uno de los n\u00fameros m\u00e1s bajos de solicitudes de asilo mensuales en m\u00e1s de una d\u00e9cada. Seg\u00fan revel\u00f3 la AAUE, citada por France-Presse, los sirios presentaron 5.000 solicitudes de asilo en los &hellip;<\/p>\n","protected":false},"author":31,"featured_media":352575,"comment_status":"closed","ping_status":"closed","sticky":false,"template":"","format":"standard","meta":{"footnotes":""},"categories":[597,467,7541],"tags":[],"class_list":["post-352574","post","type-post","status-publish","format-standard","has-post-thumbnail","","category-cinta-de-noticias","category-siria-y-el-mundo","category-ultimas-noticias"],"_links":{"self":[{"href":"https:\/\/archive.sana.sy\/es\/index.php?rest_route=\/wp\/v2\/posts\/352574"}],"collection":[{"href":"https:\/\/archive.sana.sy\/es\/index.php?rest_route=\/wp\/v2\/posts"}],"about":[{"href":"https:\/\/archive.sana.sy\/es\/index.php?rest_route=\/wp\/v2\/types\/post"}],"author":[{"embeddable":true,"href":"https:\/\/archive.sana.sy\/es\/index.php?rest_route=\/wp\/v2\/users\/31"}],"replies":[{"embeddable":true,"href":"https:\/\/archive.sana.sy\/es\/index.php?rest_route=%2Fwp%2Fv2%2Fcomments&post=352574"}],"version-history":[{"count":1,"href":"https:\/\/archive.sana.sy\/es\/index.php?rest_route=\/wp\/v2\/posts\/352574\/revisions"}],"predecessor-version":[{"id":352576,"href":"https:\/\/archive.sana.sy\/es\/index.php?rest_route=\/wp\/v2\/posts\/352574\/revisions\/352576"}],"wp:featuredmedia":[{"embeddable":true,"href":"https:\/\/archive.sana.sy\/es\/index.php?rest_route=\/wp\/v2\/media\/352575"}],"wp:attachment":[{"href":"https:\/\/archive.sana.sy\/es\/index.php?rest_route=%2Fwp%2Fv2%2Fmedia&parent=352574"}],"wp:term":[{"taxonomy":"category","embeddable":true,"href":"https:\/\/archive.sana.sy\/es\/index.php?rest_route=%2Fwp%2Fv2%2Fcategories&post=352574"},{"taxonomy":"post_tag","embeddable":true,"href":"https:\/\/archive.sana.sy\/es\/index.php?rest_route=%2Fwp%2Fv2%2Ftags&post=352574"}],"curies":[{"name":"wp","href":"https:\/\/api.w.org\/{rel}","templated":true}]}}