{"id":352577,"date":"2025-05-05T20:26:17","date_gmt":"2025-05-05T17:26:17","guid":{"rendered":"https:\/\/sana.sy\/es\/?p=352577"},"modified":"2025-05-05T20:26:17","modified_gmt":"2025-05-05T17:26:17","slug":"camara-de-comercio-de-damasco-aborda-con-una-delegacion-emirati-la-mejora-de-la-cooperacion-comercial","status":"publish","type":"post","link":"https:\/\/archive.sana.sy\/es\/?p=352577","title":{"rendered":"C\u00e1mara de Comercio de Damasco aborda con una delegaci\u00f3n emirat\u00ed la mejora de la cooperaci\u00f3n comercial"},"content":{"rendered":"<p style=\"text-align: justify;\"><span style=\"color: #800000;\"><strong>Damasco, 5 may (SANA)\u00a0<\/strong><\/span>\u00a0 El jefe de la C\u00e1mara de Comercio de Damasco, Issam Ghariwati, abord\u00f3 con el viceministro de Asuntos del Gabinete para el Intercambio de Conocimientos y Competitividad de los Emiratos \u00c1rabes Unidos, Abdullah Lootah, las formas de mejorar el conocimiento y la cooperaci\u00f3n comercial entre los dos pa\u00edses en el pr\u00f3ximo per\u00edodo.<\/p>\n<p style=\"text-align: justify;\">Durante la reuni\u00f3n, ambas partes examinaron la situaci\u00f3n econ\u00f3mica actual en Siria y las visiones futuras para avanzar en los sectores del comercio y la inversi\u00f3n.<\/p>\n<p style=\"text-align: justify;\">Destacaron la importancia del sector privado en el apoyo al proceso de recuperaci\u00f3n y reconstrucci\u00f3n, as\u00ed como en la apertura de nuevos horizontes para la cooperaci\u00f3n con los pa\u00edses \u00e1rabes y amigos.<\/p>\n<p style=\"text-align: justify;\">Ghariwati afirm\u00f3 que la C\u00e1mara busca activar la cooperaci\u00f3n internacional y crear un entorno atractivo para la inversi\u00f3n en Siria.<\/p>\n<p style=\"text-align: justify;\">Por su parte, Lootah subray\u00f3 la importancia de atraer a empresarios e inversionistas de diversos pa\u00edses a Siria y expres\u00f3 su inter\u00e9s en mejorar la cooperaci\u00f3n institucional entre la C\u00e1mara de Comercio de Damasco y su contrapartida en Dub\u00e1i.<\/p>\n","protected":false},"excerpt":{"rendered":"<p>Damasco, 5 may (SANA)\u00a0\u00a0 El jefe de la C\u00e1mara de Comercio de Damasco, Issam Ghariwati, abord\u00f3 con el viceministro de Asuntos del Gabinete para el Intercambio de Conocimientos y Competitividad de los Emiratos \u00c1rabes Unidos, Abdullah Lootah, las formas de mejorar el conocimiento y la cooperaci\u00f3n comercial entre los dos pa\u00edses en el pr\u00f3ximo per\u00edodo. &hellip;<\/p>\n","protected":false},"author":31,"featured_media":352578,"comment_status":"closed","ping_status":"closed","sticky":false,"template":"","format":"standard","meta":{"footnotes":""},"categories":[597,476,7541],"tags":[],"class_list":["post-352577","post","type-post","status-publish","format-standard","has-post-thumbnail","","category-cinta-de-noticias","category-locales","category-ultimas-noticias"],"_links":{"self":[{"href":"https:\/\/archive.sana.sy\/es\/index.php?rest_route=\/wp\/v2\/posts\/352577"}],"collection":[{"href":"https:\/\/archive.sana.sy\/es\/index.php?rest_route=\/wp\/v2\/posts"}],"about":[{"href":"https:\/\/archive.sana.sy\/es\/index.php?rest_route=\/wp\/v2\/types\/post"}],"author":[{"embeddable":true,"href":"https:\/\/archive.sana.sy\/es\/index.php?rest_route=\/wp\/v2\/users\/31"}],"replies":[{"embeddable":true,"href":"https:\/\/archive.sana.sy\/es\/index.php?rest_route=%2Fwp%2Fv2%2Fcomments&post=352577"}],"version-history":[{"count":1,"href":"https:\/\/archive.sana.sy\/es\/index.php?rest_route=\/wp\/v2\/posts\/352577\/revisions"}],"predecessor-version":[{"id":352579,"href":"https:\/\/archive.sana.sy\/es\/index.php?rest_route=\/wp\/v2\/posts\/352577\/revisions\/352579"}],"wp:featuredmedia":[{"embeddable":true,"href":"https:\/\/archive.sana.sy\/es\/index.php?rest_route=\/wp\/v2\/media\/352578"}],"wp:attachment":[{"href":"https:\/\/archive.sana.sy\/es\/index.php?rest_route=%2Fwp%2Fv2%2Fmedia&parent=352577"}],"wp:term":[{"taxonomy":"category","embeddable":true,"href":"https:\/\/archive.sana.sy\/es\/index.php?rest_route=%2Fwp%2Fv2%2Fcategories&post=352577"},{"taxonomy":"post_tag","embeddable":true,"href":"https:\/\/archive.sana.sy\/es\/index.php?rest_route=%2Fwp%2Fv2%2Ftags&post=352577"}],"curies":[{"name":"wp","href":"https:\/\/api.w.org\/{rel}","templated":true}]}}