{"id":35258,"date":"2015-12-16T22:46:37","date_gmt":"2015-12-16T20:46:37","guid":{"rendered":"http:\/\/sana.sy\/es\/?p=35258"},"modified":"2015-12-16T22:57:06","modified_gmt":"2015-12-16T20:57:06","slug":"ki-moon-pide-adoptar-las-medidas-necesarias-para-enfrentar-el-terrorismo","status":"publish","type":"post","link":"https:\/\/archive.sana.sy\/es\/?p=35258","title":{"rendered":"Ki-Moon pide adoptar las medidas necesarias para enfrentar el terrorismo"},"content":{"rendered":"<p><span style=\"color: #800000\">Nueva York, SANA<\/span>&#8211; Secretario General de la ONU, Ban Ki-Moon, destac\u00f3 el mi\u00e9rcoles la necesidad de tomar las medidas necesarias para enfrentar el terrorismo, el extremismo y para llegar a un acuerdo para poner fin a la crisis en Siria tan pronto como sea posible.<\/p>\n<p style=\"text-align: justify\">&#8220;La comunidad internacional est\u00e1 interesada activamente en el archivo de Siria en un intento por poner fin a la crisis en el pa\u00eds&#8221;, dijo Ki-Moon, en un comunicado de prensa, en referencia a la reuni\u00f3n que se celebrar\u00e1 en Nueva York el 18 de diciembre bajo el patrocinio de la ONU.<\/p>\n<p style=\"text-align: justify\">La reuni\u00f3n es considerada como la tercera de su tipo para el &#8221; Grupo Internacional de Apoyo a Siria (GIAS)\u201d.<\/p>\n<p style=\"text-align: justify\">El jefe de la ONU llam\u00f3 a enfrentar a los actos del Estado Isl\u00e1mico (EI) y de otras organizaciones terroristas, afirmando que solo el pueblo sirio debe decidir sobre su futuro y sobre el futuro del presidente Bashar Al-Assad.<\/p>\n<p>M.Miri<\/p>\n","protected":false},"excerpt":{"rendered":"<p>Nueva York, SANA&#8211; Secretario General de la ONU, Ban Ki-Moon, destac\u00f3 el mi\u00e9rcoles la necesidad de tomar las medidas necesarias para enfrentar el terrorismo, el extremismo y para llegar a un acuerdo para poner fin a la crisis en Siria tan pronto como sea posible. &#8220;La comunidad internacional est\u00e1 interesada activamente en el archivo de &hellip;<\/p>\n","protected":false},"author":1,"featured_media":35264,"comment_status":"closed","ping_status":"closed","sticky":false,"template":"","format":"standard","meta":{"footnotes":""},"categories":[457,576,7541],"tags":[7607],"class_list":["post-35258","post","type-post","status-publish","format-standard","has-post-thumbnail","","category-noticias-arabe-internacional-politica","category-noticias-politicas","category-ultimas-noticias","tag-ki-moon-pide-adoptar-las-medidas-necesarias-para-enfrentar-el-terrorismo"],"_links":{"self":[{"href":"https:\/\/archive.sana.sy\/es\/index.php?rest_route=\/wp\/v2\/posts\/35258"}],"collection":[{"href":"https:\/\/archive.sana.sy\/es\/index.php?rest_route=\/wp\/v2\/posts"}],"about":[{"href":"https:\/\/archive.sana.sy\/es\/index.php?rest_route=\/wp\/v2\/types\/post"}],"author":[{"embeddable":true,"href":"https:\/\/archive.sana.sy\/es\/index.php?rest_route=\/wp\/v2\/users\/1"}],"replies":[{"embeddable":true,"href":"https:\/\/archive.sana.sy\/es\/index.php?rest_route=%2Fwp%2Fv2%2Fcomments&post=35258"}],"version-history":[{"count":0,"href":"https:\/\/archive.sana.sy\/es\/index.php?rest_route=\/wp\/v2\/posts\/35258\/revisions"}],"wp:featuredmedia":[{"embeddable":true,"href":"https:\/\/archive.sana.sy\/es\/index.php?rest_route=\/wp\/v2\/media\/35264"}],"wp:attachment":[{"href":"https:\/\/archive.sana.sy\/es\/index.php?rest_route=%2Fwp%2Fv2%2Fmedia&parent=35258"}],"wp:term":[{"taxonomy":"category","embeddable":true,"href":"https:\/\/archive.sana.sy\/es\/index.php?rest_route=%2Fwp%2Fv2%2Fcategories&post=35258"},{"taxonomy":"post_tag","embeddable":true,"href":"https:\/\/archive.sana.sy\/es\/index.php?rest_route=%2Fwp%2Fv2%2Ftags&post=35258"}],"curies":[{"name":"wp","href":"https:\/\/api.w.org\/{rel}","templated":true}]}}