{"id":3527,"date":"2014-06-25T17:29:59","date_gmt":"2014-06-25T14:29:59","guid":{"rendered":"http:\/\/www.sana.sy\/es\/?p=3527"},"modified":"2014-06-25T17:29:59","modified_gmt":"2014-06-25T14:29:59","slug":"arrestados-terroristas-que-planeaban-asesinar-a-un-alto-oficial-de-seguridad-en-el-libano","status":"publish","type":"post","link":"https:\/\/archive.sana.sy\/es\/?p=3527","title":{"rendered":"Arrestados terroristas que planeaban asesinar a un alto oficial de seguridad en el L\u00edbano"},"content":{"rendered":"<p><span>Tr\u00edpoli, SANA<\/span><\/p>\n<p>El ej\u00e9rcito liban\u00e9s detuvo una c\u00e9lula terrorista en la zona Kalamoon, la cual planeaban asesinar a uno de los altos funcionarios de seguridad en el norte de L\u00edbano.<\/p>\n<p>En este sentido, el Departamento de Orientaci\u00f3n en la Comandancia del ej\u00e9rcito liban\u00e9s inform\u00f3 que las fuerzas libanesas continuar\u00e1n sus operaciones de seguimiento e investigaci\u00f3n para arrestar al resto de los miembros de la c\u00e9lula y revelar sus v\u00ednculos y planes.<\/p>\n<p>En un contexto relacionado, el Ej\u00e9rcito liban\u00e9s detuvo al terrorista Firas Raad despu\u00e9s de entrar en el territorio liban\u00e9s procedente de Siria, con el objetivo de unirse a los grupos terroristas.<\/p>\n<p>Cabe resaltar que el ej\u00e9rcito liban\u00e9s hab\u00eda detenido hace unos d\u00edas a un grupo terrorista en Baalbek, que preparaba para perpetrar un acto terrorista.<\/p>\n<p>&nbsp;<\/p>\n<p><span style=\"color: #0000ff\">Fady M., Lynn A.<\/span><\/p>\n","protected":false},"excerpt":{"rendered":"<p>Tr\u00edpoli, SANA El ej\u00e9rcito liban\u00e9s detuvo una c\u00e9lula terrorista en la zona Kalamoon, la cual planeaban asesinar a uno de los altos funcionarios de seguridad en el norte de L\u00edbano. En este sentido, el Departamento de Orientaci\u00f3n en la Comandancia del ej\u00e9rcito liban\u00e9s inform\u00f3 que las fuerzas libanesas continuar\u00e1n sus operaciones de seguimiento e investigaci\u00f3n &hellip;<\/p>\n","protected":false},"author":24,"featured_media":3528,"comment_status":"closed","ping_status":"closed","sticky":false,"template":"","format":"standard","meta":{"footnotes":""},"categories":[456,457],"tags":[821],"class_list":["post-3527","post","type-post","status-publish","format-standard","has-post-thumbnail","","category-arabe-internacional-politica","category-noticias-arabe-internacional-politica","tag-arrestados-terroristas-que-planeaban-asesinar-a-un-alto-oficial-de-seguridad-en-el-libano"],"_links":{"self":[{"href":"https:\/\/archive.sana.sy\/es\/index.php?rest_route=\/wp\/v2\/posts\/3527"}],"collection":[{"href":"https:\/\/archive.sana.sy\/es\/index.php?rest_route=\/wp\/v2\/posts"}],"about":[{"href":"https:\/\/archive.sana.sy\/es\/index.php?rest_route=\/wp\/v2\/types\/post"}],"author":[{"embeddable":true,"href":"https:\/\/archive.sana.sy\/es\/index.php?rest_route=\/wp\/v2\/users\/24"}],"replies":[{"embeddable":true,"href":"https:\/\/archive.sana.sy\/es\/index.php?rest_route=%2Fwp%2Fv2%2Fcomments&post=3527"}],"version-history":[{"count":0,"href":"https:\/\/archive.sana.sy\/es\/index.php?rest_route=\/wp\/v2\/posts\/3527\/revisions"}],"wp:featuredmedia":[{"embeddable":true,"href":"https:\/\/archive.sana.sy\/es\/index.php?rest_route=\/wp\/v2\/media\/3528"}],"wp:attachment":[{"href":"https:\/\/archive.sana.sy\/es\/index.php?rest_route=%2Fwp%2Fv2%2Fmedia&parent=3527"}],"wp:term":[{"taxonomy":"category","embeddable":true,"href":"https:\/\/archive.sana.sy\/es\/index.php?rest_route=%2Fwp%2Fv2%2Fcategories&post=3527"},{"taxonomy":"post_tag","embeddable":true,"href":"https:\/\/archive.sana.sy\/es\/index.php?rest_route=%2Fwp%2Fv2%2Ftags&post=3527"}],"curies":[{"name":"wp","href":"https:\/\/api.w.org\/{rel}","templated":true}]}}