{"id":35270,"date":"2015-12-17T12:34:19","date_gmt":"2015-12-17T10:34:19","guid":{"rendered":"http:\/\/sana.sy\/es\/?p=35270"},"modified":"2015-12-17T12:34:45","modified_gmt":"2015-12-17T10:34:45","slug":"zarif-el-pueblo-sirio-es-quien-decide-el-futuro-de-su-pais","status":"publish","type":"post","link":"https:\/\/archive.sana.sy\/es\/?p=35270","title":{"rendered":"Zarif: el pueblo sirio es quien decide el futuro de su pa\u00eds"},"content":{"rendered":"<p><span style=\"color: #800000\"><strong>Nueva York, SANA<\/strong><\/span><\/p>\n<p><strong>El Ministro de Exteriores iran\u00ed Muhammad Yavad Zarif renov\u00f3 la afirmaci\u00f3n de que el pueblo sirio es el \u00fanico quien tiene el derecho de decidir el destino de su propio pa\u00eds.<\/strong><\/p>\n<p><strong>Zarif dijo en una declaraci\u00f3n a su\u00a0 llegada a Nueva York para participar en la reuni\u00f3n internacional sobre Siria que est\u00e1 programada para ma\u00f1ana que \u00a8las precondiciones impuestas por las potencia extranjeras es la raz\u00f3n de la continuaci\u00f3n de la guerra en Siria durante los \u00faltimos cuatro a\u00f1os\u201d.<\/strong><\/p>\n<p><strong>As\u00ed que el diplom\u00e1tico iran\u00ed declar\u00f3 que Ir\u00e1n\u00a0 asistir\u00e1 a las conversaciones sobre Siria con una\u00a0 plena disposici\u00f3n\u00a0 para discutir diferentes temas especialmente la coordinaci\u00f3n en el campo de combatir al terrorismo.<\/strong><\/p>\n<p><span style=\"color: #00ccff\">Hala B., Riad Sh.<\/span><\/p>\n","protected":false},"excerpt":{"rendered":"<p>Nueva York, SANA El Ministro de Exteriores iran\u00ed Muhammad Yavad Zarif renov\u00f3 la afirmaci\u00f3n de que el pueblo sirio es el \u00fanico quien tiene el derecho de decidir el destino de su propio pa\u00eds. Zarif dijo en una declaraci\u00f3n a su\u00a0 llegada a Nueva York para participar en la reuni\u00f3n internacional sobre Siria que est\u00e1 &hellip;<\/p>\n","protected":false},"author":1,"featured_media":35273,"comment_status":"closed","ping_status":"closed","sticky":false,"template":"","format":"standard","meta":{"footnotes":""},"categories":[597,456,457,576],"tags":[7611],"class_list":["post-35270","post","type-post","status-publish","format-standard","has-post-thumbnail","","category-cinta-de-noticias","category-arabe-internacional-politica","category-noticias-arabe-internacional-politica","category-noticias-politicas","tag-zarif-el-pueblo-sirio-es-quien-decide-el-futuro-de-su-pais"],"_links":{"self":[{"href":"https:\/\/archive.sana.sy\/es\/index.php?rest_route=\/wp\/v2\/posts\/35270"}],"collection":[{"href":"https:\/\/archive.sana.sy\/es\/index.php?rest_route=\/wp\/v2\/posts"}],"about":[{"href":"https:\/\/archive.sana.sy\/es\/index.php?rest_route=\/wp\/v2\/types\/post"}],"author":[{"embeddable":true,"href":"https:\/\/archive.sana.sy\/es\/index.php?rest_route=\/wp\/v2\/users\/1"}],"replies":[{"embeddable":true,"href":"https:\/\/archive.sana.sy\/es\/index.php?rest_route=%2Fwp%2Fv2%2Fcomments&post=35270"}],"version-history":[{"count":0,"href":"https:\/\/archive.sana.sy\/es\/index.php?rest_route=\/wp\/v2\/posts\/35270\/revisions"}],"wp:featuredmedia":[{"embeddable":true,"href":"https:\/\/archive.sana.sy\/es\/index.php?rest_route=\/wp\/v2\/media\/35273"}],"wp:attachment":[{"href":"https:\/\/archive.sana.sy\/es\/index.php?rest_route=%2Fwp%2Fv2%2Fmedia&parent=35270"}],"wp:term":[{"taxonomy":"category","embeddable":true,"href":"https:\/\/archive.sana.sy\/es\/index.php?rest_route=%2Fwp%2Fv2%2Fcategories&post=35270"},{"taxonomy":"post_tag","embeddable":true,"href":"https:\/\/archive.sana.sy\/es\/index.php?rest_route=%2Fwp%2Fv2%2Ftags&post=35270"}],"curies":[{"name":"wp","href":"https:\/\/api.w.org\/{rel}","templated":true}]}}