{"id":352749,"date":"2025-05-07T14:11:58","date_gmt":"2025-05-07T11:11:58","guid":{"rendered":"https:\/\/sana.sy\/es\/?p=352749"},"modified":"2025-05-07T14:11:58","modified_gmt":"2025-05-07T11:11:58","slug":"onu-dona-3-millones-de-dolares-para-apoyar-al-sector-de-salud-en-siria","status":"publish","type":"post","link":"https:\/\/archive.sana.sy\/es\/?p=352749","title":{"rendered":"ONU dona 3 millones de d\u00f3lares para apoyar al sector de salud en Siria"},"content":{"rendered":"<blockquote>\n<p style=\"text-align: justify;\"><span style=\"color: #800000;\"><strong>Seg\u00fan la (OMS), esta iniciativa de seis meses beneficiar\u00e1 directamente a m\u00e1s de 530.000 personas e indirectamente a aproximadamente 5 millones de personas a trav\u00e9s de mejores sistemas de salud y cobertura m\u00e9dica en toda Siria.<\/strong><\/span><\/p>\n<\/blockquote>\n<p style=\"text-align: justify;\"><span style=\"color: #800000;\"><strong>Ginebra, 7 may (SANA)\u00a0<\/strong><\/span> \u00a0La Organizaci\u00f3n Mundial de la Salud (OMS) anunci\u00f3 que el Fondo Central de Respuesta a Emergencias de las Naciones Unidas (CERF, por sus siglas en ingl\u00e9s) proporcion\u00f3 tres millones de d\u00f3lares para apoyar las operaciones de atenci\u00f3n m\u00e9dica en Siria.<\/p>\n<p style=\"text-align: justify;\">Esta asistencia permite garantizar el progreso de los servicios m\u00e9dicos esenciales, vigilancia de enfermedades y apoyo de salud mental en las zonas m\u00e1s afectadas por el desplazamiento y las crisis humanitarias, inform\u00f3 el Organismo a trav\u00e9s de un comunicado.<\/p>\n<p style=\"text-align: justify;\">La representante interina de la OMS en Siria, Christina Bethke, explic\u00f3 que esta financiaci\u00f3n desempe\u00f1a un papel vital para permitir a la Organizaci\u00f3n avanzar con los servicios de emergencia y responder r\u00e1pidamente a las necesidades de salud sobre el terreno, especialmente en esta etapa cr\u00edtica que vive Siria.<\/p>\n<p style=\"text-align: justify;\">Esta contribuci\u00f3n garantiza que los grupos m\u00e1s vulnerables que viven en el pa\u00eds \u00e1rabe no sean desatendidos, agreg\u00f3.<\/p>\n<p style=\"text-align: justify;\">Seg\u00fan la (OMS), esta iniciativa de seis meses beneficiar\u00e1 directamente a m\u00e1s de 530.000 personas e indirectamente a aproximadamente 5 millones de personas a trav\u00e9s de mejores sistemas de salud y cobertura m\u00e9dica en toda Siria.<\/p>\n","protected":false},"excerpt":{"rendered":"<p>Seg\u00fan la (OMS), esta iniciativa de seis meses beneficiar\u00e1 directamente a m\u00e1s de 530.000 personas e indirectamente a aproximadamente 5 millones de personas a trav\u00e9s de mejores sistemas de salud y cobertura m\u00e9dica en toda Siria. Ginebra, 7 may (SANA)\u00a0 \u00a0La Organizaci\u00f3n Mundial de la Salud (OMS) anunci\u00f3 que el Fondo Central de Respuesta a &hellip;<\/p>\n","protected":false},"author":35,"featured_media":352750,"comment_status":"closed","ping_status":"closed","sticky":false,"template":"","format":"standard","meta":{"footnotes":""},"categories":[597,456,16687,467,7541],"tags":[],"class_list":["post-352749","post","type-post","status-publish","format-standard","has-post-thumbnail","","category-cinta-de-noticias","category-arabe-internacional-politica","category-internacionales","category-siria-y-el-mundo","category-ultimas-noticias"],"_links":{"self":[{"href":"https:\/\/archive.sana.sy\/es\/index.php?rest_route=\/wp\/v2\/posts\/352749"}],"collection":[{"href":"https:\/\/archive.sana.sy\/es\/index.php?rest_route=\/wp\/v2\/posts"}],"about":[{"href":"https:\/\/archive.sana.sy\/es\/index.php?rest_route=\/wp\/v2\/types\/post"}],"author":[{"embeddable":true,"href":"https:\/\/archive.sana.sy\/es\/index.php?rest_route=\/wp\/v2\/users\/35"}],"replies":[{"embeddable":true,"href":"https:\/\/archive.sana.sy\/es\/index.php?rest_route=%2Fwp%2Fv2%2Fcomments&post=352749"}],"version-history":[{"count":1,"href":"https:\/\/archive.sana.sy\/es\/index.php?rest_route=\/wp\/v2\/posts\/352749\/revisions"}],"predecessor-version":[{"id":352751,"href":"https:\/\/archive.sana.sy\/es\/index.php?rest_route=\/wp\/v2\/posts\/352749\/revisions\/352751"}],"wp:featuredmedia":[{"embeddable":true,"href":"https:\/\/archive.sana.sy\/es\/index.php?rest_route=\/wp\/v2\/media\/352750"}],"wp:attachment":[{"href":"https:\/\/archive.sana.sy\/es\/index.php?rest_route=%2Fwp%2Fv2%2Fmedia&parent=352749"}],"wp:term":[{"taxonomy":"category","embeddable":true,"href":"https:\/\/archive.sana.sy\/es\/index.php?rest_route=%2Fwp%2Fv2%2Fcategories&post=352749"},{"taxonomy":"post_tag","embeddable":true,"href":"https:\/\/archive.sana.sy\/es\/index.php?rest_route=%2Fwp%2Fv2%2Ftags&post=352749"}],"curies":[{"name":"wp","href":"https:\/\/api.w.org\/{rel}","templated":true}]}}