{"id":35279,"date":"2015-12-17T19:11:53","date_gmt":"2015-12-17T17:11:53","guid":{"rendered":"http:\/\/sana.sy\/es\/?p=35279"},"modified":"2015-12-17T19:11:53","modified_gmt":"2015-12-17T17:11:53","slug":"una-victima-mortal-tras-ataques-terroristas-con-mortero-contra-campamento-de-wafidin","status":"publish","type":"post","link":"https:\/\/archive.sana.sy\/es\/?p=35279","title":{"rendered":"Una v\u00edctima mortal tras ataques terroristas con mortero contra campamento de Wafidin"},"content":{"rendered":"<p><span style=\"color: #800000\">Damasco-campo, SANA<\/span><\/p>\n<p>Una persona perdi\u00f3 la vida por el impacto de obuses de mortero disparados por terroristas contra el campamento de Wafidin en el suburbio de Damasco.<\/p>\n<p>Una fuente policial inform\u00f3 que cinco obuses de mortero impactaron este jueves en el campamento de Wafidin situado al noreste de la ciudad de Duma (feudo del llamado \u201cEj\u00e9rcito del Islam\u201d), lo que caus\u00f3 la muerte de una persona y dej\u00f3 dos heridos, adem\u00e1s de da\u00f1os materiales.<\/p>\n<p>El campamento de Wafidin est\u00e1 domiciliado por miles de familias que fueron desplazadas de sus hogares en el Gol\u00e1n sirio a manos del ocupante israel\u00ed en el a\u00f1o 1967.<\/p>\n<p>&nbsp;<br \/>\nLynn A.<\/p>\n","protected":false},"excerpt":{"rendered":"<p>Damasco-campo, SANA Una persona perdi\u00f3 la vida por el impacto de obuses de mortero disparados por terroristas contra el campamento de Wafidin en el suburbio de Damasco. Una fuente policial inform\u00f3 que cinco obuses de mortero impactaron este jueves en el campamento de Wafidin situado al noreste de la ciudad de Duma (feudo del llamado &hellip;<\/p>\n","protected":false},"author":24,"featured_media":29094,"comment_status":"closed","ping_status":"closed","sticky":false,"template":"","format":"standard","meta":{"footnotes":""},"categories":[477,597,573,476,7541],"tags":[],"class_list":["post-35279","post","type-post","status-publish","format-standard","has-post-thumbnail","","category-noticias-edulcorantes","category-cinta-de-noticias","category-la-realidad-de-los-acontecimientos-en-siria","category-locales","category-ultimas-noticias"],"_links":{"self":[{"href":"https:\/\/archive.sana.sy\/es\/index.php?rest_route=\/wp\/v2\/posts\/35279"}],"collection":[{"href":"https:\/\/archive.sana.sy\/es\/index.php?rest_route=\/wp\/v2\/posts"}],"about":[{"href":"https:\/\/archive.sana.sy\/es\/index.php?rest_route=\/wp\/v2\/types\/post"}],"author":[{"embeddable":true,"href":"https:\/\/archive.sana.sy\/es\/index.php?rest_route=\/wp\/v2\/users\/24"}],"replies":[{"embeddable":true,"href":"https:\/\/archive.sana.sy\/es\/index.php?rest_route=%2Fwp%2Fv2%2Fcomments&post=35279"}],"version-history":[{"count":0,"href":"https:\/\/archive.sana.sy\/es\/index.php?rest_route=\/wp\/v2\/posts\/35279\/revisions"}],"wp:featuredmedia":[{"embeddable":true,"href":"https:\/\/archive.sana.sy\/es\/index.php?rest_route=\/wp\/v2\/media\/29094"}],"wp:attachment":[{"href":"https:\/\/archive.sana.sy\/es\/index.php?rest_route=%2Fwp%2Fv2%2Fmedia&parent=35279"}],"wp:term":[{"taxonomy":"category","embeddable":true,"href":"https:\/\/archive.sana.sy\/es\/index.php?rest_route=%2Fwp%2Fv2%2Fcategories&post=35279"},{"taxonomy":"post_tag","embeddable":true,"href":"https:\/\/archive.sana.sy\/es\/index.php?rest_route=%2Fwp%2Fv2%2Ftags&post=35279"}],"curies":[{"name":"wp","href":"https:\/\/api.w.org\/{rel}","templated":true}]}}