{"id":352819,"date":"2025-05-07T21:25:22","date_gmt":"2025-05-07T18:25:22","guid":{"rendered":"https:\/\/sana.sy\/es\/?p=352819"},"modified":"2025-05-07T21:29:30","modified_gmt":"2025-05-07T18:29:30","slug":"puntos-clave-de-la-rueda-de-prensa-entre-el-presidente-ahmad-al-shara-y-su-homologo-frances-emmanuel-macron","status":"publish","type":"post","link":"https:\/\/archive.sana.sy\/es\/?p=352819","title":{"rendered":"Puntos clave de la rueda de prensa entre el presidente Ahmad al-Shara y su hom\u00f3logo franc\u00e9s, Emmanuel Macron"},"content":{"rendered":"<p style=\"text-align: justify\"><span style=\"color: #0000ff\">Presidente Ahmad al-Shara:<\/span><\/p>\n<p style=\"text-align: justify\">Extiendo mi sincero agradecimiento al Presidente Macron y al pueblo franc\u00e9s por recibir a los refugiados sirios durante los \u00faltimos a\u00f1os y por recibirme hoy.<\/p>\n<p style=\"text-align: justify\">Cuando el pueblo sirio se levant\u00f3 contra el r\u00e9gimen de Assad en 2011, no esper\u00e1bamos que nuestra revoluci\u00f3n pasara por varias etapas y fuera sometida a la violencia m\u00e1s extrema. a Pesar de todo el pueblo se neg\u00f3 a someterse a la tiran\u00eda.<\/p>\n<p style=\"text-align: justify\">Francia ha sido amiga del pueblo sirio y lo ha apoyado durante todos los a\u00f1os de la revoluci\u00f3n.<\/p>\n<p style=\"text-align: justify\">Hoy abord\u00e9 con el Presidente Macron las v\u00edas de avanzar en temas de inter\u00e9s mutuo, incluida la reconstrucci\u00f3n y la estabilidad en Siria, lo que representa estabilidad para toda la regi\u00f3n.<\/p>\n<p style=\"text-align: justify\">Reconocemos que el per\u00edodo post -revoluci\u00f3n es dif\u00edcil y estamos tratando colectivamente de aceptar el fin de un r\u00e9gimen autoritario que utiliz\u00f3 el sectarismo y el terror como armas contra la sociedad siria durante 54 a\u00f1os.<\/p>\n<p style=\"text-align: justify\">Recientemente fuimos testigos de acontecimientos tr\u00e1gicos y actuamos r\u00e1pidamente para enfrentar los ataques. Creamos un comit\u00e9 para investigar los incidentes perpetrados por hombres armados afiliados al antiguo r\u00e9gimen en la regi\u00f3n de la costa , el Consejo de Derechos Humanos acogi\u00f3 con satisfacci\u00f3n la formaci\u00f3n de este comit\u00e9.<\/p>\n<p style=\"text-align: justify\">Heredamos una infraestructura devastada&#8230; ciudades con casas destruidas y sin electricidad. La reconstrucci\u00f3n es nuestra principal prioridad y nos esforzamos por proporcionar servicios b\u00e1sicos y garantizar una vida digna a los ciudadanos.<\/p>\n<p style=\"text-align: justify\">No permitiremos conflictos sectarios ni la violaci\u00f3n de la soberan\u00eda de Siria por parte de actores externos.<\/p>\n<p style=\"text-align: justify\">La econom\u00eda de Siria est\u00e1 vinculada con la econom\u00eda global. Las sanciones que se le impusieron como resultado de las pr\u00e1cticas del r\u00e9gimen anterior deben levantarse. No hay justificaci\u00f3n para que permanezcan en su lugar, ya que constituir\u00edan una forma de castigo para el pueblo.<\/p>\n<p style=\"text-align: justify\">El futuro de Siria no ser\u00e1 decidido en salas cerradas ni en capitales distantes.<\/p>\n<p style=\"text-align: justify\">Los acontecimientos ocurridos en la regi\u00f3n de la costa siria fueron perpetrados por remanentes del exr\u00e9gimen, que provocaron la matanza. Hemos formado dos comit\u00e9s, uno para la paz civil y otro para la investigaci\u00f3n de los suceso, y rendiremos cuentas a los autores y responsables de estos cr\u00edmenes.<\/p>\n<p style=\"text-align: justify\">Siria ha sido el pa\u00eds m\u00e1s expuesto al terrorismo por parte del exr\u00e9gimen. Nos solidarizamos con las v\u00edctimas del terrorismo en todo el mundo y no tenemos ninguna conexi\u00f3n con ning\u00fan acto criminal fuera de Siria.<\/p>\n<p style=\"text-align: justify\">Realizamos nuestras operaciones de combate para liberar a Siria con honor e integridad, y salvamos a la regi\u00f3n de un terrorismo que pesaba en los sirios y toda la regi\u00f3n.<\/p>\n<p style=\"text-align: justify\"><span style=\"color: #0000ff\">Presidente Macron:<\/span><\/p>\n<p style=\"text-align: justify\">La ca\u00edda de Bashar al-Assad fue un alivio para todos y los sirios ahora deben unirse para lograr la paz y la estabilidad.<\/p>\n<p style=\"text-align: justify\">Subrayamos la necesidad de preservar la integridad territorial de Siria y la igualdad de derechos de todos los componentes del pueblo sirio.<\/p>\n<p style=\"text-align: justify\">Siria enfrenta desaf\u00edos importantes y la comunidad internacional debe cooperar con ella y apoyarla para que logre superar estos retos.<\/p>\n<p style=\"text-align: justify\">Recibimos con benepl\u00e1cito las medidas adoptadas por el Presidente al-Shara para concretar un acuerdo con las Fuerzas Democr\u00e1ticas Sirias y garantizar la paz civil.<\/p>\n<p style=\"text-align: justify\">Francia est\u00e1 dispuesta a cooperar con Siria en su lucha contra DAESH.<\/p>\n<p style=\"text-align: justify\">Trabajaremos para levantar paulatinamente las sanciones europeas aplicadas contra Siria.<\/p>\n<p style=\"text-align: justify\">El levantamiento de las sanciones contribuir\u00e1 a la reconstrucci\u00f3n de Siria y facilitar\u00e1 el regreso de los refugiados, y la administraci\u00f3n estadounidense debe trabajar para eliminarlas.<\/p>\n<p style=\"text-align: justify\">Las agresiones israel\u00edes contra el territorio sirio son una mala pr\u00e1ctica y una violaci\u00f3n de la soberan\u00eda y la unidad de Siria.<\/p>\n<p>&nbsp;<\/p>\n","protected":false},"excerpt":{"rendered":"<p>Presidente Ahmad al-Shara: Extiendo mi sincero agradecimiento al Presidente Macron y al pueblo franc\u00e9s por recibir a los refugiados sirios durante los \u00faltimos a\u00f1os y por recibirme hoy. Cuando el pueblo sirio se levant\u00f3 contra el r\u00e9gimen de Assad en 2011, no esper\u00e1bamos que nuestra revoluci\u00f3n pasara por varias etapas y fuera sometida a la &hellip;<\/p>\n","protected":false},"author":24,"featured_media":352820,"comment_status":"closed","ping_status":"closed","sticky":false,"template":"","format":"standard","meta":{"footnotes":""},"categories":[597,20724,467,583],"tags":[],"class_list":["post-352819","post","type-post","status-publish","format-standard","has-post-thumbnail","","category-cinta-de-noticias","category-minuto-a-minuto","category-siria-y-el-mundo","category-slide"],"_links":{"self":[{"href":"https:\/\/archive.sana.sy\/es\/index.php?rest_route=\/wp\/v2\/posts\/352819"}],"collection":[{"href":"https:\/\/archive.sana.sy\/es\/index.php?rest_route=\/wp\/v2\/posts"}],"about":[{"href":"https:\/\/archive.sana.sy\/es\/index.php?rest_route=\/wp\/v2\/types\/post"}],"author":[{"embeddable":true,"href":"https:\/\/archive.sana.sy\/es\/index.php?rest_route=\/wp\/v2\/users\/24"}],"replies":[{"embeddable":true,"href":"https:\/\/archive.sana.sy\/es\/index.php?rest_route=%2Fwp%2Fv2%2Fcomments&post=352819"}],"version-history":[{"count":4,"href":"https:\/\/archive.sana.sy\/es\/index.php?rest_route=\/wp\/v2\/posts\/352819\/revisions"}],"predecessor-version":[{"id":352824,"href":"https:\/\/archive.sana.sy\/es\/index.php?rest_route=\/wp\/v2\/posts\/352819\/revisions\/352824"}],"wp:featuredmedia":[{"embeddable":true,"href":"https:\/\/archive.sana.sy\/es\/index.php?rest_route=\/wp\/v2\/media\/352820"}],"wp:attachment":[{"href":"https:\/\/archive.sana.sy\/es\/index.php?rest_route=%2Fwp%2Fv2%2Fmedia&parent=352819"}],"wp:term":[{"taxonomy":"category","embeddable":true,"href":"https:\/\/archive.sana.sy\/es\/index.php?rest_route=%2Fwp%2Fv2%2Fcategories&post=352819"},{"taxonomy":"post_tag","embeddable":true,"href":"https:\/\/archive.sana.sy\/es\/index.php?rest_route=%2Fwp%2Fv2%2Ftags&post=352819"}],"curies":[{"name":"wp","href":"https:\/\/api.w.org\/{rel}","templated":true}]}}