{"id":35287,"date":"2015-12-17T20:44:04","date_gmt":"2015-12-17T18:44:04","guid":{"rendered":"http:\/\/sana.sy\/es\/?p=35287"},"modified":"2015-12-17T20:44:48","modified_gmt":"2015-12-17T18:44:48","slug":"siria-denuncia-continua-intervencion-del-regimen-turco-en-sus-asuntos","status":"publish","type":"post","link":"https:\/\/archive.sana.sy\/es\/?p=35287","title":{"rendered":"Siria denuncia ante la ONU continua intervenci\u00f3n del r\u00e9gimen turco en sus asuntos"},"content":{"rendered":"<p><span style=\"color: #800000\">Damasco, SANA<\/span><\/p>\n<p>La Canciller\u00eda siria dirigi\u00f3 este jueves una carta a la Secretar\u00eda General de la ONU y su Consejo de Seguridad Internacional en respuesta a las alegaciones mencionadas en la carta remitida por el representante permanente de Turqu\u00eda ante esta organizaci\u00f3n internacional en la fecha de 23\/11\/2015.<\/p>\n<p>En la carta, la Canciller\u00eda siria denunci\u00f3 la continua intervenci\u00f3n turca en el asunto sirio y el apoyo log\u00edstico del gobierno de Erdogan a las organizaciones terroristas que cometen atrocidades en el territorio sirio.<\/p>\n<p>Asimismo tildo el incidente del derribo del cazabombardero ruso por la fuerza a\u00e9rea de Turqu\u00eda de \u201cuna pu\u00f1alada por la espalda de h\u00e9roes que luchan contra el terrorismo\u201d, y agreg\u00f3 que las acusaciones lanzadas por el r\u00e9gimen de Erdogan contra la aviaci\u00f3n rusa de violar el espacio a\u00e9reo turco constituyen un intento fracasado para barajar las cartas, falsificar las realidades y encubrir la implicaci\u00f3n del presidente turco en el tr\u00e1fico del crudo saqueado por la organizaci\u00f3n terrorista del Estado Isl\u00e1mico de Siria e Irak.<\/p>\n<p>Canciller\u00eda fustig\u00f3 que Erdogan que aspira revivir el patrimonio colonial de los otomanos ha tratado desde hace a\u00f1os provocar el asunto de la protecci\u00f3n de personas de origen turco, independientemente de ser ciudadanos de Estados soberanos.<br \/>\nEn este contexto, el gobierno sirio expresa su rotundo rechazo a los intentos del r\u00e9gimen turco de provocar conflictos \u00e9tnicos y sectarios en cualquier pa\u00eds de la regi\u00f3n, puesto que los ciudadanos en cuesti\u00f3n forman parte integral de su sociedad, asever\u00f3 la Canciller\u00eda.<\/p>\n<p>Canciller\u00eda denunci\u00f3 tambi\u00e9n las pr\u00e1cticas inhumanas perpetradas por el gobierno turco contra los refugiados sirios en el territorio turco, aclarando que el r\u00e9gimen de Erdogan adopt\u00f3 nuevos m\u00e9todos para chantajear a Europa mediante obligar a olas humanas de estos refugiados -tanto sirios como de otras nacionalidades- a viajar hacia Occidente para solicitar asilo.<\/p>\n<p>Al concluir la carta, Canciller\u00eda hizo un llamado a la comunidad internacional para tomar acciones inmediatas contra las continuas violaciones del r\u00e9gimen turco del derecho internacional, los derechos humanos, la libertad de expresi\u00f3n, el principio de la buena vecindad, adem\u00e1s de las resoluciones adoptadas por el Consejo de Seguridad de la ONU respecto a la lucha contra el terrorismo y su financiaci\u00f3n.<\/p>\n<p>&nbsp;<\/p>\n<p>&nbsp;<\/p>\n<p>&nbsp;<\/p>\n<p>Lynn A.<\/p>\n","protected":false},"excerpt":{"rendered":"<p>Damasco, SANA La Canciller\u00eda siria dirigi\u00f3 este jueves una carta a la Secretar\u00eda General de la ONU y su Consejo de Seguridad Internacional en respuesta a las alegaciones mencionadas en la carta remitida por el representante permanente de Turqu\u00eda ante esta organizaci\u00f3n internacional en la fecha de 23\/11\/2015. En la carta, la Canciller\u00eda siria denunci\u00f3 &hellip;<\/p>\n","protected":false},"author":24,"featured_media":29608,"comment_status":"closed","ping_status":"closed","sticky":false,"template":"","format":"standard","meta":{"footnotes":""},"categories":[477,597,476,583,7541],"tags":[],"class_list":["post-35287","post","type-post","status-publish","format-standard","has-post-thumbnail","","category-noticias-edulcorantes","category-cinta-de-noticias","category-locales","category-slide","category-ultimas-noticias"],"_links":{"self":[{"href":"https:\/\/archive.sana.sy\/es\/index.php?rest_route=\/wp\/v2\/posts\/35287"}],"collection":[{"href":"https:\/\/archive.sana.sy\/es\/index.php?rest_route=\/wp\/v2\/posts"}],"about":[{"href":"https:\/\/archive.sana.sy\/es\/index.php?rest_route=\/wp\/v2\/types\/post"}],"author":[{"embeddable":true,"href":"https:\/\/archive.sana.sy\/es\/index.php?rest_route=\/wp\/v2\/users\/24"}],"replies":[{"embeddable":true,"href":"https:\/\/archive.sana.sy\/es\/index.php?rest_route=%2Fwp%2Fv2%2Fcomments&post=35287"}],"version-history":[{"count":0,"href":"https:\/\/archive.sana.sy\/es\/index.php?rest_route=\/wp\/v2\/posts\/35287\/revisions"}],"wp:featuredmedia":[{"embeddable":true,"href":"https:\/\/archive.sana.sy\/es\/index.php?rest_route=\/wp\/v2\/media\/29608"}],"wp:attachment":[{"href":"https:\/\/archive.sana.sy\/es\/index.php?rest_route=%2Fwp%2Fv2%2Fmedia&parent=35287"}],"wp:term":[{"taxonomy":"category","embeddable":true,"href":"https:\/\/archive.sana.sy\/es\/index.php?rest_route=%2Fwp%2Fv2%2Fcategories&post=35287"},{"taxonomy":"post_tag","embeddable":true,"href":"https:\/\/archive.sana.sy\/es\/index.php?rest_route=%2Fwp%2Fv2%2Ftags&post=35287"}],"curies":[{"name":"wp","href":"https:\/\/api.w.org\/{rel}","templated":true}]}}