{"id":35293,"date":"2015-12-17T22:07:13","date_gmt":"2015-12-17T20:07:13","guid":{"rendered":"http:\/\/sana.sy\/es\/?p=35293"},"modified":"2015-12-17T23:15:47","modified_gmt":"2015-12-17T21:15:47","slug":"ministro-de-defensa-visita-los-combatientes-en-la-provincia-de-homs","status":"publish","type":"post","link":"https:\/\/archive.sana.sy\/es\/?p=35293","title":{"rendered":"Ministro de defensa visita los combatientes en la provincia de Homs"},"content":{"rendered":"<p>Homs-SANA<\/p>\n<p>Cumpliendo con las instrucciones del presidente Bashar Al- Assad, el vicecomandante en jefe de las Fuerzas Armadas, y ministro de Defensa, el general Fahed Yassem al Freij, ha inspeccionado este jueves a las unidades castrenses que operan en el campo este de la provincia de Homs.<\/p>\n<p>El Alto oficial escuch\u00f3 de los oficiales, una explicaci\u00f3n detallada sobre la naturaleza de las misiones combativas en esta regi\u00f3n, dese\u00e1ndoles \u00e9xito en sus combates.<\/p>\n<p>Asimismo hizo hincapi\u00e9 en que el ej\u00e9rcito, cada d\u00eda, adquiere m\u00e1s experiencia militar y agreg\u00f3 que las fuerzas armadas junto a sus amigos son capaces de luchar contra el terrorismo internacional.<\/p>\n<p>Yamil K.<\/p>\n","protected":false},"excerpt":{"rendered":"<p>Homs-SANA Cumpliendo con las instrucciones del presidente Bashar Al- Assad, el vicecomandante en jefe de las Fuerzas Armadas, y ministro de Defensa, el general Fahed Yassem al Freij, ha inspeccionado este jueves a las unidades castrenses que operan en el campo este de la provincia de Homs. El Alto oficial escuch\u00f3 de los oficiales, una &hellip;<\/p>\n","protected":false},"author":1,"featured_media":35294,"comment_status":"closed","ping_status":"closed","sticky":false,"template":"","format":"standard","meta":{"footnotes":""},"categories":[477,476,583,7541],"tags":[],"class_list":["post-35293","post","type-post","status-publish","format-standard","has-post-thumbnail","","category-noticias-edulcorantes","category-locales","category-slide","category-ultimas-noticias"],"_links":{"self":[{"href":"https:\/\/archive.sana.sy\/es\/index.php?rest_route=\/wp\/v2\/posts\/35293"}],"collection":[{"href":"https:\/\/archive.sana.sy\/es\/index.php?rest_route=\/wp\/v2\/posts"}],"about":[{"href":"https:\/\/archive.sana.sy\/es\/index.php?rest_route=\/wp\/v2\/types\/post"}],"author":[{"embeddable":true,"href":"https:\/\/archive.sana.sy\/es\/index.php?rest_route=\/wp\/v2\/users\/1"}],"replies":[{"embeddable":true,"href":"https:\/\/archive.sana.sy\/es\/index.php?rest_route=%2Fwp%2Fv2%2Fcomments&post=35293"}],"version-history":[{"count":0,"href":"https:\/\/archive.sana.sy\/es\/index.php?rest_route=\/wp\/v2\/posts\/35293\/revisions"}],"wp:featuredmedia":[{"embeddable":true,"href":"https:\/\/archive.sana.sy\/es\/index.php?rest_route=\/wp\/v2\/media\/35294"}],"wp:attachment":[{"href":"https:\/\/archive.sana.sy\/es\/index.php?rest_route=%2Fwp%2Fv2%2Fmedia&parent=35293"}],"wp:term":[{"taxonomy":"category","embeddable":true,"href":"https:\/\/archive.sana.sy\/es\/index.php?rest_route=%2Fwp%2Fv2%2Fcategories&post=35293"},{"taxonomy":"post_tag","embeddable":true,"href":"https:\/\/archive.sana.sy\/es\/index.php?rest_route=%2Fwp%2Fv2%2Ftags&post=35293"}],"curies":[{"name":"wp","href":"https:\/\/api.w.org\/{rel}","templated":true}]}}