{"id":35301,"date":"2015-12-17T23:11:05","date_gmt":"2015-12-17T21:11:05","guid":{"rendered":"http:\/\/sana.sy\/es\/?p=35301"},"modified":"2015-12-19T13:17:41","modified_gmt":"2015-12-19T11:17:41","slug":"al-assad-afirma-que-solo-el-pueblo-sirio-decide-quien-se-queda-y-quien-se-marcha","status":"publish","type":"post","link":"https:\/\/archive.sana.sy\/es\/?p=35301","title":{"rendered":"Al-Assad afirma que solo el pueblo sirio decide qui\u00e9n se queda y qui\u00e9n se marcha"},"content":{"rendered":"<p><span style=\"color: #800000\">Damasco-SANA<\/span><\/p>\n<p>El presidente al-Assad concedi\u00f3 una entrevista a la televisi\u00f3n estatal holandesa en la que asegur\u00f3 que despu\u00e9s de cuatro a\u00f1os de la guerra librada contra Siria, la mayor\u00eda del pueblo sirio apoya hoy en d\u00eda a su gobierno, independientemente de sus tendencias pol\u00edticas, as\u00ed como sigue apoyando la unidad del pa\u00eds y la integridad de su sociedad como una sociedad plural.<\/p>\n<p>Respondiendo a una pregunta sobre si su excelencia cree que haya una verdadera unidad popular en Siria, el presidente al-Assad replic\u00f3 que s\u00ed, explicando que en las zonas bajo el control del gobierno, se ven todos los espectros del pueblo sirio, sin exclusi\u00f3n, mientras que en las zonas controladas por los terroristas, se ve o un solo espectro de la sociedad siria o puros combatientes.<\/p>\n<p><img loading=\"lazy\" decoding=\"async\" class=\"alignnone size-medium wp-image-35303\" src=\"http:\/\/sana.sy\/es\/wp-content\/uploads\/2015\/12\/assad1-300x211.jpg\" alt=\"assad1\" width=\"300\" height=\"211\" srcset=\"https:\/\/archive.sana.sy\/es\/wp-content\/uploads\/2015\/12\/assad1.jpg 300w, https:\/\/archive.sana.sy\/es\/wp-content\/uploads\/2015\/12\/assad1-150x106.jpg 150w\" sizes=\"(max-width: 300px) 100vw, 300px\" \/><\/p>\n<p>Y sobre los 4000 sirios que salen a diario de su pa\u00eds, el presidente al-Assad resalt\u00f3 que las salvajadas de los terroristas y el impacto del bloqueo econ\u00f3mico de Occidente, son las razonas que impulsaron a ellos a abandonar el pa\u00eds.<\/p>\n<p>\u201cEllos todav\u00eda aman a su pa\u00eds, pero vivir en Siria podr\u00eda ser insoportable para ellos por diferentes razones\u201d, lament\u00f3.<\/p>\n<p>El presidente al-Assad replic\u00f3 a una pregunta sobre las personas que huyen del gobierno y las Fuerzas Armadas sirias, aclarando: \u201cen las \u00e1reas bajo nuestro control, se puede ver que algunas familias de los terroristas o los extremistas o los militantes, como quieras llamarlos, viven bajo la supervisi\u00f3n del gobierno y el apoyo del gobierno. As\u00ed que, \u00bfpor qu\u00e9 estas familias no se marcharon de Siria?.<\/p>\n<p>En cuanto a supuestos actos de tortura que se aplican contra los detenidos en Siria, el mandatario sirio explic\u00f3 que ni el gobierno sirio ni \u00e9l mismo pueden resistir una guerra librada hace cinco a\u00f1os por los terroristas y las grandes potencias del mundo sin gozar de un apoyo popular.<\/p>\n<p>\u201c\u00bfC\u00f3mo se puede gozar del apoyo de un pueblo mientras lo tortura?\u201d, se pregunt\u00f3 el mandatario sirio.<\/p>\n<p>Asimismo, el presidente al-Assad critic\u00f3 la politizaci\u00f3n y la imparcialidad de los informes emitidos por la organizaci\u00f3n de Human Rights Watch y la ONU sobre la situaci\u00f3n humanitaria en Siria, agregando que incluso la ONU est\u00e1 manipulada por EEUU, pa\u00eds en contra de Siria.<\/p>\n<p>El presidente al-Assad se\u00f1al\u00f3 que la lucha contra el terrorismo es un principio que debe ser permanente y duradero, y los pa\u00edses que act\u00faan como reacci\u00f3n por temor de este flagelo no pueden ser aliados de Siria en materia de la lucha antiterrorista.<\/p>\n<p>Al-Assad destac\u00f3 que la expansi\u00f3n de la organizaci\u00f3n terrorista de DAESH o el Estado Isl\u00e1mico ha empezado desde el comienzo de los operativos de la Coalici\u00f3n Internacional en 2014, que los tach\u00f3 de \u201cin\u00fatiles\u201d, y aclar\u00f3 que cualquier acci\u00f3n antiterrorista debe ser apoyada por tropas sobre el terreno.<\/p>\n<p>Y sobre posibles operaciones de la aviaci\u00f3n holandesa contra posiciones del EI en Siria, el presidente al-Assad dijo que \u201cesto es ilegal y contradice la ley internacional. Somos un pa\u00eds soberano\u201d. Y agreg\u00f3 que la mejor v\u00eda para luchar contra el terrorismo es mediante la coordinaci\u00f3n con el gobierno sirio.<\/p>\n<p>\u201cEl \u00fanico obst\u00e1culo [ante esta coordinaci\u00f3n] es que la pol\u00edtica occidental de hoy hacia Siria consiste en que se tiene que aislar a este Estado, o a este Presidente (&#8230;.) Bueno, en este caso ustedes no pueden llegar a nada\u201d, asever\u00f3.<\/p>\n<p><img loading=\"lazy\" decoding=\"async\" class=\"alignnone size-medium wp-image-35304\" src=\"http:\/\/sana.sy\/es\/wp-content\/uploads\/2015\/12\/assad3-300x200.jpg\" alt=\"assad3\" width=\"300\" height=\"200\" srcset=\"https:\/\/archive.sana.sy\/es\/wp-content\/uploads\/2015\/12\/assad3.jpg 300w, https:\/\/archive.sana.sy\/es\/wp-content\/uploads\/2015\/12\/assad3-150x100.jpg 150w\" sizes=\"(max-width: 300px) 100vw, 300px\" \/><\/p>\n<p>En lo que se refiere a lo que dijo el gobierno holand\u00e9s sobre un proceso de transici\u00f3n sin el presidente al-Assad, el mandatario sirio recalc\u00f3 que el destino de Siria y de su presidente corresponde \u00fanicamente al pueblo sirio.<\/p>\n<p>\u201cSi un presidente tiene que irse esto se efect\u00faa a trav\u00e9s de la constituci\u00f3n y mediante las urnas y viceversa\u201d, aclar\u00f3.<br \/>\nY sobre los yihadistas procedentes de Holanda y B\u00e9lgica, entre otros pa\u00edses europeos a Siria, el presidente al-Assad fustig\u00f3 que Europa no ha tratado seriamente con la existencia de estos terroristas sobre su tierra.<\/p>\n<p>El mandatario sirio explic\u00f3 que los altos funcionarios europeos vendieron sus valores por el petrod\u00f3lar y permitieron que instituciones saud\u00edes wahab\u00edes gasten fondos y lleven la ideolog\u00eda extremista a Europa, y por eso Europa hoy en d\u00eda est\u00e1 exportando terroristas para Siria y el mundo.<\/p>\n<p>El presidente al-Assad enfatiz\u00f3 que si Occidente aspira a resolver la crisis en Siria, los responsables europeos deben trabajar para detener el flujo de terroristas y el apoyo log\u00edstico, financiero y armament\u00edstico a los mismos a trav\u00e9s de Turqu\u00eda.<\/p>\n<p>Al-Assad destac\u00f3 que Ir\u00e1n y Rusia y los aliados que apoyan al gobierno leg\u00edtimo de Siria son los \u00fanicos dispuestos a buscar soluciones de la crisis siria, criticando que los dem\u00e1s pa\u00edses manipulados por EEUU no se atreven a establecer contacto con el gobierno sirio fuera de la agenda de la administraci\u00f3n estadounidense.<\/p>\n<p>El jefe del Estado sirio precis\u00f3 que Siria seguir\u00e1 con su pol\u00edtica basada en dos principios que son el di\u00e1logo inter-sirio y la lucha contra el terrorismo, subrayando que cualquier persona que porta armas, mata a la gente y destruye las propiedades p\u00fablicas y privadas es terrorista.<\/p>\n<p>El mandatario sirio dijo que la crisis siria finalizar\u00e1 en menos de un a\u00f1o cuando los pa\u00edses pertinentes decidan detener el apoyo a los terroristas, sin embargo \u201cel problema radica en que todav\u00eda [estos pa\u00edses] mantienen su apoyo a diario a ellos para generar m\u00e1s caos, y para poner obst\u00e1culos delante de cualquier soluci\u00f3n, porque la soluci\u00f3n pol\u00edtica que buscan debe lograrse a trav\u00e9s de cambiar a este Estado o derrocar a este presidente, por ello la crisis persistir\u00e1\u201d, sentenci\u00f3.<\/p>\n<p>Lynn A.-Riyad Sh.<\/p>\n","protected":false},"excerpt":{"rendered":"<p>Damasco-SANA El presidente al-Assad concedi\u00f3 una entrevista a la televisi\u00f3n estatal holandesa en la que asegur\u00f3 que despu\u00e9s de cuatro a\u00f1os de la guerra librada contra Siria, la mayor\u00eda del pueblo sirio apoya hoy en d\u00eda a su gobierno, independientemente de sus tendencias pol\u00edticas, as\u00ed como sigue apoyando la unidad del pa\u00eds y la integridad &hellip;<\/p>\n","protected":false},"author":1,"featured_media":35302,"comment_status":"closed","ping_status":"closed","sticky":false,"template":"","format":"standard","meta":{"footnotes":""},"categories":[583,626],"tags":[],"class_list":["post-35301","post","type-post","status-publish","format-standard","has-post-thumbnail","","category-slide","category-sr-presidente"],"_links":{"self":[{"href":"https:\/\/archive.sana.sy\/es\/index.php?rest_route=\/wp\/v2\/posts\/35301"}],"collection":[{"href":"https:\/\/archive.sana.sy\/es\/index.php?rest_route=\/wp\/v2\/posts"}],"about":[{"href":"https:\/\/archive.sana.sy\/es\/index.php?rest_route=\/wp\/v2\/types\/post"}],"author":[{"embeddable":true,"href":"https:\/\/archive.sana.sy\/es\/index.php?rest_route=\/wp\/v2\/users\/1"}],"replies":[{"embeddable":true,"href":"https:\/\/archive.sana.sy\/es\/index.php?rest_route=%2Fwp%2Fv2%2Fcomments&post=35301"}],"version-history":[{"count":0,"href":"https:\/\/archive.sana.sy\/es\/index.php?rest_route=\/wp\/v2\/posts\/35301\/revisions"}],"wp:featuredmedia":[{"embeddable":true,"href":"https:\/\/archive.sana.sy\/es\/index.php?rest_route=\/wp\/v2\/media\/35302"}],"wp:attachment":[{"href":"https:\/\/archive.sana.sy\/es\/index.php?rest_route=%2Fwp%2Fv2%2Fmedia&parent=35301"}],"wp:term":[{"taxonomy":"category","embeddable":true,"href":"https:\/\/archive.sana.sy\/es\/index.php?rest_route=%2Fwp%2Fv2%2Fcategories&post=35301"},{"taxonomy":"post_tag","embeddable":true,"href":"https:\/\/archive.sana.sy\/es\/index.php?rest_route=%2Fwp%2Fv2%2Ftags&post=35301"}],"curies":[{"name":"wp","href":"https:\/\/api.w.org\/{rel}","templated":true}]}}