{"id":35318,"date":"2015-12-18T16:03:42","date_gmt":"2015-12-18T14:03:42","guid":{"rendered":"http:\/\/sana.sy\/es\/?p=35318"},"modified":"2015-12-18T18:17:12","modified_gmt":"2015-12-18T16:17:12","slug":"al-mikdad-no-existe-ninguna-diferencia-entre-el-regimen-saudi-y-el-grupo-terrorista-ei-al-nivel-de-los-hechos","status":"publish","type":"post","link":"https:\/\/archive.sana.sy\/es\/?p=35318","title":{"rendered":"Al-Mikdad: No existe ninguna diferencia entre el r\u00e9gimen Saud\u00ed y el grupo terrorista EI al nivel de los hechos"},"content":{"rendered":"<p style=\"text-align: justify\"><span style=\"color: #800000\">Damasco, SANA<\/span>&#8211; El viceministro de Asuntos Exteriores y Expatriados, Dr. Faisal al-Mikdad, neg\u00f3 la participaci\u00f3n de Siria en falsas alianzas de naturaleza sectaria o religiosa bajo el pretexto de combatir el terrorismo, porque el terrorismo no tiene religi\u00f3n.<\/p>\n<p style=\"text-align: justify\">Al- Mikdad dijo en una entrevista con la agencia rusa RIA Novosti, &#8221; No existe ninguna diferencia entre el r\u00e9gimen Saud\u00ed y el grupo terrorista EI al nivel de los hechos, ya que Arabi Saud\u00ed est\u00e1 detr\u00e1s de la financiaci\u00f3n, armar y apoyar a grupos terroristas en Siria y por lo tanto no puede ser que este sistema forme parte de la guerra contra el terrorismo.&#8221;<\/p>\n<p style=\"text-align: justify\">Al-Mikdad se\u00f1al\u00f3 que en la reuni\u00f3n, que fue organizada por el r\u00e9gimen saud\u00ed para la llama oposici\u00f3n siria participaron figuras que no representan a la oposici\u00f3n, as\u00ed como hubo representantes de los grupos terroristas, diciendo &#8221; con estos terroristas no se puede negociar salvo en el campo de batalla, nosotros apoyamos el di\u00e1logo con la oposici\u00f3n verdadera que opta de un peso real en la escena y de una influencia, y no creemos que Arabia Saudita era elegible para organizar tal reuni\u00f3n debido a su apoyo abierto a los grupos terroristas armados &#8220;.<\/p>\n<p style=\"text-align: justify\">El alto funcionario sirio describi\u00f3 las recientes acusaciones contra el gobierno sirio de comprar petr\u00f3leo robado del (EI) como una \u00a8propaganda barata\u00a8 por parte de Turqu\u00eda y Estados Unidos para desviar la atenci\u00f3n del comercio ilegal de petr\u00f3leo llevado acabo entre el r\u00e9gimen de Erdogan y la organizaci\u00f3n &#8220;Daesh&#8221;, aclarando que &#8221; Nosotros importamos petr\u00f3leo de pa\u00edses amigos, especialmente de Ir\u00e1n y no nunca hemos comprado petrole\u00f3 de Daesh porque eso ser\u00eda un insulto para nosotros como sirios, c\u00f3mo luchamos contra Daesh y al mismo tiempo compramos petr\u00f3leo de \u00e9l, esto es il\u00f3gico y es una propaganda de Turqu\u00eda y los Estados Unidos &#8220;.<\/p>\n<p style=\"text-align: justify\">En relaci\u00f3n con el FSA, pregunt\u00f3 al-Mikdad &#8221; si el FSA es capaz de cambiar de su naturaleza y cooperar con las fuerzas que luchan contra el terrorismo, y esto deber\u00eda ser declarado p\u00fablicamente y deber\u00eda tambi\u00e9n dejar de atacar a los civiles inocentes y liberar los secuestrados, tiendo en cuenta que esta organizaci\u00f3n ya no tiene una presencia actualmente\u201d.<\/p>\n<p style=\"text-align: justify\">El viceministro anunci\u00f3 que Siria da la bienvenida a cualquier esfuerzo de Rusia en el marco de la lucha contra el terrorismo, se\u00f1alando que el apoyo ruso a Siria hasta ahora ayud\u00f3 a cambiar los hechos sobre el terreno y contribuy\u00f3 en las victorias logradas por el Ej\u00e9rcito \u00c1rabe Sirio.<\/p>\n<p style=\"text-align: justify\">En relaci\u00f3n con Ir\u00e1n, se\u00f1al\u00f3 que Siria tambi\u00e9n coopera con Ir\u00e1n en la lucha contra el terrorismo y hay asesores militares iran\u00edes en Siria cuya misi\u00f3n es asesorar al ej\u00e9rcito \u00e1rabe sirio en la lucha com\u00fan contra el terrorismo, agregando que\u00a0el emplazamiento de sistemas de misiles S-400 en Siria es un paso que garantizar\u00e1 mayor seguridad para las operaciones de Rusia y el Ej\u00e9rcito nacional.<\/p>\n<p style=\"text-align: justify\">Por otra parte, al-Mikdad neg\u00f3 la existencia de cualquier tipo de contacto entre Siria y Estados Unidos, se\u00f1alando que la coalici\u00f3n internacional liderada por los EE.UU no logr\u00f3 ning\u00fan resultado real sobre el terreno contra la organizaci\u00f3n &#8220;Daesh&#8221; y otras organizaciones terroristas.<\/p>\n<p>M.Miri<\/p>\n","protected":false},"excerpt":{"rendered":"<p>Damasco, SANA&#8211; El viceministro de Asuntos Exteriores y Expatriados, Dr. Faisal al-Mikdad, neg\u00f3 la participaci\u00f3n de Siria en falsas alianzas de naturaleza sectaria o religiosa bajo el pretexto de combatir el terrorismo, porque el terrorismo no tiene religi\u00f3n. Al- Mikdad dijo en una entrevista con la agencia rusa RIA Novosti, &#8221; No existe ninguna diferencia &hellip;<\/p>\n","protected":false},"author":1,"featured_media":35319,"comment_status":"closed","ping_status":"closed","sticky":false,"template":"","format":"standard","meta":{"footnotes":""},"categories":[477,476,457,576,583,7541],"tags":[7618],"class_list":["post-35318","post","type-post","status-publish","format-standard","has-post-thumbnail","","category-noticias-edulcorantes","category-locales","category-noticias-arabe-internacional-politica","category-noticias-politicas","category-slide","category-ultimas-noticias","tag-al-mikdad-no-existe-ninguna-diferencia-entre-el-regimen-saudi-y-el-grupo-terrorista-ei-al-nivel-de-los-hechos"],"_links":{"self":[{"href":"https:\/\/archive.sana.sy\/es\/index.php?rest_route=\/wp\/v2\/posts\/35318"}],"collection":[{"href":"https:\/\/archive.sana.sy\/es\/index.php?rest_route=\/wp\/v2\/posts"}],"about":[{"href":"https:\/\/archive.sana.sy\/es\/index.php?rest_route=\/wp\/v2\/types\/post"}],"author":[{"embeddable":true,"href":"https:\/\/archive.sana.sy\/es\/index.php?rest_route=\/wp\/v2\/users\/1"}],"replies":[{"embeddable":true,"href":"https:\/\/archive.sana.sy\/es\/index.php?rest_route=%2Fwp%2Fv2%2Fcomments&post=35318"}],"version-history":[{"count":0,"href":"https:\/\/archive.sana.sy\/es\/index.php?rest_route=\/wp\/v2\/posts\/35318\/revisions"}],"wp:featuredmedia":[{"embeddable":true,"href":"https:\/\/archive.sana.sy\/es\/index.php?rest_route=\/wp\/v2\/media\/35319"}],"wp:attachment":[{"href":"https:\/\/archive.sana.sy\/es\/index.php?rest_route=%2Fwp%2Fv2%2Fmedia&parent=35318"}],"wp:term":[{"taxonomy":"category","embeddable":true,"href":"https:\/\/archive.sana.sy\/es\/index.php?rest_route=%2Fwp%2Fv2%2Fcategories&post=35318"},{"taxonomy":"post_tag","embeddable":true,"href":"https:\/\/archive.sana.sy\/es\/index.php?rest_route=%2Fwp%2Fv2%2Ftags&post=35318"}],"curies":[{"name":"wp","href":"https:\/\/api.w.org\/{rel}","templated":true}]}}