{"id":35326,"date":"2015-12-18T17:02:31","date_gmt":"2015-12-18T15:02:31","guid":{"rendered":"http:\/\/sana.sy\/es\/?p=35326"},"modified":"2015-12-18T17:03:28","modified_gmt":"2015-12-18T15:03:28","slug":"putin-discute-con-el-consejo-de-seguridad-de-rusia-los-ultimos-acontecimientos-de-la-situacion-en-siria","status":"publish","type":"post","link":"https:\/\/archive.sana.sy\/es\/?p=35326","title":{"rendered":"Putin discute con el Consejo de Seguridad de Rusia los \u00faltimos acontecimientos de la situaci\u00f3n en Siria"},"content":{"rendered":"<p style=\"text-align: justify\"><span style=\"color: #800000\">Mosc\u00fa, SANA<\/span>&#8211; El presidente ruso, Vladimir Putin, discuti\u00f3 el viernes con los miembros permanentes del Consejo de Seguridad de Rusia, el asunto y el proceso de las operaciones de las fuerzas aeroespaciales rusas en Siria, y la situaci\u00f3n econ\u00f3mica de Rusia.<\/p>\n<p style=\"text-align: justify\">El portavoz del Kremlin Dmitry Peskov dijo que \u201cdurante la reuni\u00f3n del Consejo se discuti\u00f3 tambi\u00e9n el tema de cortar el financiamiento a grupos yihadistasy tras de la nueva resoluci\u00f3n adoptada por el Consejo de Seguridad para secar los flujos de ingresos de los terroristas\u201d, seg\u00fan transmito Rusia Hoy.<\/p>\n<p style=\"text-align: justify\">peskov agreg\u00f3 que durante la reuni\u00f3n se intercambiaros las opiniones en respecto a encontrar un arreglo a la crisis siria, antes de una nueva ronda de conversaciones internacionales sobre la materia, que se celebrar\u00e1 hoy en Nueva York con la participaci\u00f3n del ministro de Relaciones Exteriores, Sergei Lavrov.<\/p>\n<p style=\"text-align: justify\">la reuni\u00f3n cont\u00f3 con la presencia del primer ministro Dmitry Medvedev ,la presidenta del Consejo de la Federaci\u00f3n de Rusia Valentina Matvienko ,el secretaria del Gabinete Presidencial, Sergei Ivanov, as\u00ed como el secretario del Consejo de Seguridad Nikolai Patrushev y su adjunto, Rashid Nurgaliyev, adem\u00e1s del ministro del Interior, Vladimir Kolokoltsev, as\u00ed como el ministro de Defensa, Sergei Shoigu , el Director del Servicio de Inteligencia Exterior de Rusia, Mija\u00edl Fradkov y el representante permanente del Consejo de Seguridad Boris Gryzlov.<\/p>\n<p>M.Miri<\/p>\n","protected":false},"excerpt":{"rendered":"<p>Mosc\u00fa, SANA&#8211; El presidente ruso, Vladimir Putin, discuti\u00f3 el viernes con los miembros permanentes del Consejo de Seguridad de Rusia, el asunto y el proceso de las operaciones de las fuerzas aeroespaciales rusas en Siria, y la situaci\u00f3n econ\u00f3mica de Rusia. El portavoz del Kremlin Dmitry Peskov dijo que \u201cdurante la reuni\u00f3n del Consejo se &hellip;<\/p>\n","protected":false},"author":1,"featured_media":35327,"comment_status":"closed","ping_status":"closed","sticky":false,"template":"","format":"standard","meta":{"footnotes":""},"categories":[467,7541],"tags":[7620],"class_list":["post-35326","post","type-post","status-publish","format-standard","has-post-thumbnail","","category-siria-y-el-mundo","category-ultimas-noticias","tag-putin-discute-con-el-consejo-de-seguridad-de-rusia-los-ultimos-acontecimientos-de-la-situacion-en-siria"],"_links":{"self":[{"href":"https:\/\/archive.sana.sy\/es\/index.php?rest_route=\/wp\/v2\/posts\/35326"}],"collection":[{"href":"https:\/\/archive.sana.sy\/es\/index.php?rest_route=\/wp\/v2\/posts"}],"about":[{"href":"https:\/\/archive.sana.sy\/es\/index.php?rest_route=\/wp\/v2\/types\/post"}],"author":[{"embeddable":true,"href":"https:\/\/archive.sana.sy\/es\/index.php?rest_route=\/wp\/v2\/users\/1"}],"replies":[{"embeddable":true,"href":"https:\/\/archive.sana.sy\/es\/index.php?rest_route=%2Fwp%2Fv2%2Fcomments&post=35326"}],"version-history":[{"count":0,"href":"https:\/\/archive.sana.sy\/es\/index.php?rest_route=\/wp\/v2\/posts\/35326\/revisions"}],"wp:featuredmedia":[{"embeddable":true,"href":"https:\/\/archive.sana.sy\/es\/index.php?rest_route=\/wp\/v2\/media\/35327"}],"wp:attachment":[{"href":"https:\/\/archive.sana.sy\/es\/index.php?rest_route=%2Fwp%2Fv2%2Fmedia&parent=35326"}],"wp:term":[{"taxonomy":"category","embeddable":true,"href":"https:\/\/archive.sana.sy\/es\/index.php?rest_route=%2Fwp%2Fv2%2Fcategories&post=35326"},{"taxonomy":"post_tag","embeddable":true,"href":"https:\/\/archive.sana.sy\/es\/index.php?rest_route=%2Fwp%2Fv2%2Ftags&post=35326"}],"curies":[{"name":"wp","href":"https:\/\/api.w.org\/{rel}","templated":true}]}}