{"id":35329,"date":"2015-12-18T17:24:47","date_gmt":"2015-12-18T15:24:47","guid":{"rendered":"http:\/\/sana.sy\/es\/?p=35329"},"modified":"2015-12-18T17:24:47","modified_gmt":"2015-12-18T15:24:47","slug":"zarif-aborda-con-ki-moon-el-arreglo-de-la-crisis-siria","status":"publish","type":"post","link":"https:\/\/archive.sana.sy\/es\/?p=35329","title":{"rendered":"Zarif aborda con Ki-moon el arreglo de la crisis siria"},"content":{"rendered":"<p style=\"text-align: justify\"><span style=\"color: #800000\">Nueva York, SANA<\/span>&#8211; El ministro de Relaciones Exteriores iran\u00ed, Mohammad Javad Zarif, reiter\u00f3 la necesidad de la participaci\u00f3n seria y exhaustiva de la oposici\u00f3n no terrorista siria en las conversaciones encaminadas a resolver la crisis en Siria, se\u00f1alando que a\u00fan no hab\u00eda visto una lista aceptable con los nombres de grupos opositores y grupos terroristas en Siria.<\/p>\n<p style=\"text-align: justify\">Zarif dijo en un comunicado despu\u00e9s de reunirse con el secretario general de la ONU, Ban Ki-moon &#8221; la crisis en Siria y el programa general de acci\u00f3n y la evoluci\u00f3n de los acontecimientos en Yemen fueron los principales temas de discusi\u00f3n, donde se hizo hincapi\u00e9 en estas reuniones en la necesidad de la participaci\u00f3n de la &#8220;oposici\u00f3n siria aceptada por el pueblo con el fin de lograr la paz en Siria.&#8221;<\/p>\n<p style=\"text-align: justify\">Y en respecto a la reuni\u00f3n de Nueva York sobre Siria prevista para hoy Zarif dijo: &#8220;Creemos que hemos comenzado en la primera y la segunda cumbre de Viena un proceso que necesita llegar a un acuerdo sobre las organizaciones terroristas y sobre la oposici\u00f3n aceptada para que participe en las negociaciones y en la formaci\u00f3n de un gobierno de unidad nacional. &#8220;<\/p>\n<p>M.Miri<\/p>\n","protected":false},"excerpt":{"rendered":"<p>Nueva York, SANA&#8211; El ministro de Relaciones Exteriores iran\u00ed, Mohammad Javad Zarif, reiter\u00f3 la necesidad de la participaci\u00f3n seria y exhaustiva de la oposici\u00f3n no terrorista siria en las conversaciones encaminadas a resolver la crisis en Siria, se\u00f1alando que a\u00fan no hab\u00eda visto una lista aceptable con los nombres de grupos opositores y grupos terroristas &hellip;<\/p>\n","protected":false},"author":1,"featured_media":3245,"comment_status":"closed","ping_status":"closed","sticky":false,"template":"","format":"standard","meta":{"footnotes":""},"categories":[456,457],"tags":[7621],"class_list":["post-35329","post","type-post","status-publish","format-standard","has-post-thumbnail","","category-arabe-internacional-politica","category-noticias-arabe-internacional-politica","tag-zarif-aborda-con-ki-moon-el-arreglo-de-la-crisis-siria"],"_links":{"self":[{"href":"https:\/\/archive.sana.sy\/es\/index.php?rest_route=\/wp\/v2\/posts\/35329"}],"collection":[{"href":"https:\/\/archive.sana.sy\/es\/index.php?rest_route=\/wp\/v2\/posts"}],"about":[{"href":"https:\/\/archive.sana.sy\/es\/index.php?rest_route=\/wp\/v2\/types\/post"}],"author":[{"embeddable":true,"href":"https:\/\/archive.sana.sy\/es\/index.php?rest_route=\/wp\/v2\/users\/1"}],"replies":[{"embeddable":true,"href":"https:\/\/archive.sana.sy\/es\/index.php?rest_route=%2Fwp%2Fv2%2Fcomments&post=35329"}],"version-history":[{"count":0,"href":"https:\/\/archive.sana.sy\/es\/index.php?rest_route=\/wp\/v2\/posts\/35329\/revisions"}],"wp:featuredmedia":[{"embeddable":true,"href":"https:\/\/archive.sana.sy\/es\/index.php?rest_route=\/wp\/v2\/media\/3245"}],"wp:attachment":[{"href":"https:\/\/archive.sana.sy\/es\/index.php?rest_route=%2Fwp%2Fv2%2Fmedia&parent=35329"}],"wp:term":[{"taxonomy":"category","embeddable":true,"href":"https:\/\/archive.sana.sy\/es\/index.php?rest_route=%2Fwp%2Fv2%2Fcategories&post=35329"},{"taxonomy":"post_tag","embeddable":true,"href":"https:\/\/archive.sana.sy\/es\/index.php?rest_route=%2Fwp%2Fv2%2Ftags&post=35329"}],"curies":[{"name":"wp","href":"https:\/\/api.w.org\/{rel}","templated":true}]}}