{"id":35331,"date":"2015-12-18T17:34:49","date_gmt":"2015-12-18T15:34:49","guid":{"rendered":"http:\/\/sana.sy\/es\/?p=35331"},"modified":"2023-01-09T14:09:35","modified_gmt":"2023-01-09T12:09:35","slug":"damasco-un-civil-herido-deja-un-ataque-terrorista","status":"publish","type":"post","link":"https:\/\/archive.sana.sy\/es\/?p=35331","title":{"rendered":"Damasco, un civil herido deja un ataque terrorista"},"content":{"rendered":"<p style=\"text-align: justify\"><span style=\"color: #800000\">Damasco, SANA<\/span>\u2013 una persona result\u00f3 herida y varias p\u00e9rdidas materiales fue el saldo que dej\u00f3 este viernes un ataque terrorista contra la ciudad de Damasco.<\/p>\n<p style=\"text-align: justify\">\u201ccinco proyectiles de cohete disparados por terroristas del grupo llamado Ej\u00e9rcito al-Islam, impactaron en la zona residencial de al-Abbasin, dejando un joven de 16 a\u00f1os herido y causando p\u00e9rdidas materiales en la zona\u201d, rese\u00f1\u00f3 una fuente de polic\u00eda.<\/p>\n<p>M.Miri<\/p>\n","protected":false},"excerpt":{"rendered":"<p>Damasco, SANA\u2013 una persona result\u00f3 herida y varias p\u00e9rdidas materiales fue el saldo que dej\u00f3 este viernes un ataque terrorista contra la ciudad de Damasco. \u201ccinco proyectiles de cohete disparados por terroristas del grupo llamado Ej\u00e9rcito al-Islam, impactaron en la zona residencial de al-Abbasin, dejando un joven de 16 a\u00f1os herido y causando p\u00e9rdidas materiales &hellip;<\/p>\n","protected":false},"author":1,"featured_media":35332,"comment_status":"closed","ping_status":"closed","sticky":false,"template":"","format":"standard","meta":{"footnotes":""},"categories":[477,573,476],"tags":[7161,7622],"class_list":["post-35331","post","type-post","status-publish","format-standard","has-post-thumbnail","","category-noticias-edulcorantes","category-la-realidad-de-los-acontecimientos-en-siria","category-locales","tag-damasco","tag-un-civil-herido-deja-un-ataque-terrorista"],"_links":{"self":[{"href":"https:\/\/archive.sana.sy\/es\/index.php?rest_route=\/wp\/v2\/posts\/35331"}],"collection":[{"href":"https:\/\/archive.sana.sy\/es\/index.php?rest_route=\/wp\/v2\/posts"}],"about":[{"href":"https:\/\/archive.sana.sy\/es\/index.php?rest_route=\/wp\/v2\/types\/post"}],"author":[{"embeddable":true,"href":"https:\/\/archive.sana.sy\/es\/index.php?rest_route=\/wp\/v2\/users\/1"}],"replies":[{"embeddable":true,"href":"https:\/\/archive.sana.sy\/es\/index.php?rest_route=%2Fwp%2Fv2%2Fcomments&post=35331"}],"version-history":[{"count":0,"href":"https:\/\/archive.sana.sy\/es\/index.php?rest_route=\/wp\/v2\/posts\/35331\/revisions"}],"wp:featuredmedia":[{"embeddable":true,"href":"https:\/\/archive.sana.sy\/es\/index.php?rest_route=\/wp\/v2\/media\/35332"}],"wp:attachment":[{"href":"https:\/\/archive.sana.sy\/es\/index.php?rest_route=%2Fwp%2Fv2%2Fmedia&parent=35331"}],"wp:term":[{"taxonomy":"category","embeddable":true,"href":"https:\/\/archive.sana.sy\/es\/index.php?rest_route=%2Fwp%2Fv2%2Fcategories&post=35331"},{"taxonomy":"post_tag","embeddable":true,"href":"https:\/\/archive.sana.sy\/es\/index.php?rest_route=%2Fwp%2Fv2%2Ftags&post=35331"}],"curies":[{"name":"wp","href":"https:\/\/api.w.org\/{rel}","templated":true}]}}