{"id":35346,"date":"2015-12-19T16:23:28","date_gmt":"2015-12-19T14:23:28","guid":{"rendered":"http:\/\/sana.sy\/es\/?p=35346"},"modified":"2015-12-19T16:27:06","modified_gmt":"2015-12-19T14:27:06","slug":"ejercito-continua-sus-avances-en-ghouta-este","status":"publish","type":"post","link":"https:\/\/archive.sana.sy\/es\/?p=35346","title":{"rendered":"Ej\u00e9rcito contin\u00faa sus avances en Ghouta Este"},"content":{"rendered":"<p><span style=\"color: #800000\">Provincias, SANA<\/span><\/p>\n<p>Las FFAA han continuado este s\u00e1bado sus avances en Ghouta Este en Damasco-campo, donde bombarde\u00f3 una agrupaci\u00f3n del llamado \u201cEj\u00e9rcito del Islam\u201d en el eje de Harasta-al-Qantara en la periferia de Marey al-Sultan, causando la destrucci\u00f3n de la misma y la muerte de numerosos terroristas de este grupo.<\/p>\n<p><span style=\"color: #0000ff\">Deraa<\/span><\/p>\n<p>En el campo norte de Deraa, una unidad del ej\u00e9rcito realiz\u00f3 anoche un operativo contra un refugio de terroristas en la periferia de la localidad de Atman, logrando dejar muertos o heridos a todos los terroristas que se encontraban adentro,<br \/>\nseg\u00fan inform\u00f3 una fuente militar.<\/p>\n<p>La fuente agreg\u00f3 que entre los terroristas eliminados figura un cabecilla de uno de los grupos terroristas que operan en dicha \u00e1rea.<\/p>\n<p>Asimismo, numerosos terroristas resultaron abatidos en operativos del ej\u00e9rcito en la localidad de Naima en el campo este de la provincia.<\/p>\n<p>En paralelo, una unidad castrense choc\u00f3 con grupos terroristas que se hab\u00edan infiltrado en las inmediaciones de algunos puestos militares en el noroeste de Yisser al-Ghariya al-Gharbiya en el campo noreste de Deraa, dejando muertos o heridos entre sus filas.<\/p>\n<p>De igual manera, las FFAA continuaron sus operativos en la ciudad de Deraa, donde destruyeron fortificaciones de terroristas en el barrio de Deraa al-Balad.<\/p>\n<p><span style=\"color: #0000ff\">Swaida<\/span><\/p>\n<p>En el campo noroeste Swaida, los terroristas sufrieron colosales bajas tras operativos de los uniformados sirios en el pueblo de Dama situado en el distrito de al-Layat.<\/p>\n<p><span style=\"color: #0000ff\">Alepo<\/span><\/p>\n<p>En el campo noroeste de Alepo, los comit\u00e9s de defensa popular contrarrestaron ataques librados por terroristas del Frente de al-Nousra contra las localidades de Nubbul y al-Zahra\u00b4a, seg\u00fan confirmaron fuentes en el terreno.<\/p>\n<p>&nbsp;<\/p>\n<p>&nbsp;<br \/>\nLynn A.<\/p>\n","protected":false},"excerpt":{"rendered":"<p>Provincias, SANA Las FFAA han continuado este s\u00e1bado sus avances en Ghouta Este en Damasco-campo, donde bombarde\u00f3 una agrupaci\u00f3n del llamado \u201cEj\u00e9rcito del Islam\u201d en el eje de Harasta-al-Qantara en la periferia de Marey al-Sultan, causando la destrucci\u00f3n de la misma y la muerte de numerosos terroristas de este grupo. Deraa En el campo norte &hellip;<\/p>\n","protected":false},"author":24,"featured_media":23033,"comment_status":"closed","ping_status":"closed","sticky":false,"template":"","format":"standard","meta":{"footnotes":""},"categories":[597,573,583,7541],"tags":[],"class_list":["post-35346","post","type-post","status-publish","format-standard","has-post-thumbnail","","category-cinta-de-noticias","category-la-realidad-de-los-acontecimientos-en-siria","category-slide","category-ultimas-noticias"],"_links":{"self":[{"href":"https:\/\/archive.sana.sy\/es\/index.php?rest_route=\/wp\/v2\/posts\/35346"}],"collection":[{"href":"https:\/\/archive.sana.sy\/es\/index.php?rest_route=\/wp\/v2\/posts"}],"about":[{"href":"https:\/\/archive.sana.sy\/es\/index.php?rest_route=\/wp\/v2\/types\/post"}],"author":[{"embeddable":true,"href":"https:\/\/archive.sana.sy\/es\/index.php?rest_route=\/wp\/v2\/users\/24"}],"replies":[{"embeddable":true,"href":"https:\/\/archive.sana.sy\/es\/index.php?rest_route=%2Fwp%2Fv2%2Fcomments&post=35346"}],"version-history":[{"count":0,"href":"https:\/\/archive.sana.sy\/es\/index.php?rest_route=\/wp\/v2\/posts\/35346\/revisions"}],"wp:featuredmedia":[{"embeddable":true,"href":"https:\/\/archive.sana.sy\/es\/index.php?rest_route=\/wp\/v2\/media\/23033"}],"wp:attachment":[{"href":"https:\/\/archive.sana.sy\/es\/index.php?rest_route=%2Fwp%2Fv2%2Fmedia&parent=35346"}],"wp:term":[{"taxonomy":"category","embeddable":true,"href":"https:\/\/archive.sana.sy\/es\/index.php?rest_route=%2Fwp%2Fv2%2Fcategories&post=35346"},{"taxonomy":"post_tag","embeddable":true,"href":"https:\/\/archive.sana.sy\/es\/index.php?rest_route=%2Fwp%2Fv2%2Ftags&post=35346"}],"curies":[{"name":"wp","href":"https:\/\/api.w.org\/{rel}","templated":true}]}}