{"id":35348,"date":"2015-12-19T16:01:22","date_gmt":"2015-12-19T14:01:22","guid":{"rendered":"http:\/\/sana.sy\/es\/?p=35348"},"modified":"2015-12-19T16:01:22","modified_gmt":"2015-12-19T14:01:22","slug":"zarif-ningun-pais-tiene-derecho-a-imponer-su-voluntad-sobre-un-pais-soberano","status":"publish","type":"post","link":"https:\/\/archive.sana.sy\/es\/?p=35348","title":{"rendered":"Zarif: ning\u00fan pa\u00eds tiene derecho a imponer su voluntad sobre un pa\u00eds soberano"},"content":{"rendered":"<p><span style=\"color: #800000\">Londres, SANA<\/span><\/p>\n<p>El canciller iran\u00ed, Mohamad Javad Zarif afirm\u00f3 que las condiciones previas que algunos actores internacionales tratan de imponer en cualquier arreglo pol\u00edtico de la crisis sirios, son las razonas detr\u00e1s de la prolongaci\u00f3n de esta crisis y la obstaculizaci\u00f3n de cualquier avance en este sentido.<\/p>\n<p>En un art\u00edculo de opini\u00f3n publicado en el diario brit\u00e1nico <em>The Guardian<\/em>, el jefe de la diplomacia iran\u00ed aclar\u00f3 que estas precondiciones no representan los anhelos del pueblo sirio, sino que reflejan las agendas de actores exteriores que no tienen derecho de imponer su voluntad sobre un pa\u00eds soberano, en referencia a Siria.<\/p>\n<p>Asimismo se\u00f1al\u00f3 que el pueblo sirio no necesita a tutores, expresando su extra\u00f1ez de que algunos pa\u00edses que privan a sus pueblos de los derechos democr\u00e1ticos\u00a0b\u00e1sicos, tales como la Constituci\u00f3n y las elecciones, se ha convertido actualmente en\u00a0defensores de la democracia en Siria.<\/p>\n<p>\u201cEste democracia\u201d anhelada por dichos pa\u00edses est\u00e1 empleada para obstaculizar el proceso pol\u00edtico en Siria, subrayando que solamente las urnas y no los tiros son las que puedan crear una nueva \u00e9poca en Siria.<\/p>\n<p>Respecto a la postura de su pa\u00eds, Zarif dijo que Ir\u00e1n ha abogado siempre por un cese de fuego inmediato en Siria y un di\u00e1logo intra-sirio entre el Gobierno y la oposici\u00f3n que rechaza el terrorismo.<\/p>\n<p>El Canciller persa llam\u00f3 a crear un frente unido contra el terrorismo y extremismo lejos del doble rasero y la diferenciaci\u00f3n de los terroristas entre malos y buenos, enfatizando que se est\u00e1n haciendo ilusiones aquellos que piensa que puedan utilizar a los terroristas de forma directa o indirecta para lograr sus metas pol\u00edticas.<\/p>\n<p>Zarif explic\u00f3 que el terrorismo no pertenece a ninguna religi\u00f3n ni patria, denunciando que los terroristas que cometen masacres en Siria e Irak tienen la misma ideolog\u00eda de aquellos que llevaron a cabo los atentados de Par\u00eds y California.<\/p>\n<p>Cabe destacar que el Consejo de Seguridad Internacional de la ONU aprob\u00f3 ayer por unanimidad una resoluci\u00f3n sobre el arreglo pol\u00edtico de la crisis siria, la cual\u00a0rese\u00f1a\u00a0que los sirios son los \u00fanicos facultados de decidir el futuro de su pa\u00eds sin injerencia extranjera, as\u00ed como excluye a las organizaciones terroristas de cualquier proceso pol\u00edtico.<\/p>\n<p>&nbsp;<\/p>\n<p>&nbsp;<\/p>\n<p>Lynn A.<\/p>\n","protected":false},"excerpt":{"rendered":"<p>Londres, SANA El canciller iran\u00ed, Mohamad Javad Zarif afirm\u00f3 que las condiciones previas que algunos actores internacionales tratan de imponer en cualquier arreglo pol\u00edtico de la crisis sirios, son las razonas detr\u00e1s de la prolongaci\u00f3n de esta crisis y la obstaculizaci\u00f3n de cualquier avance en este sentido. En un art\u00edculo de opini\u00f3n publicado en el &hellip;<\/p>\n","protected":false},"author":24,"featured_media":35273,"comment_status":"closed","ping_status":"closed","sticky":false,"template":"","format":"standard","meta":{"footnotes":""},"categories":[555,467,7541],"tags":[],"class_list":["post-35348","post","type-post","status-publish","format-standard","has-post-thumbnail","","category-prensa","category-siria-y-el-mundo","category-ultimas-noticias"],"_links":{"self":[{"href":"https:\/\/archive.sana.sy\/es\/index.php?rest_route=\/wp\/v2\/posts\/35348"}],"collection":[{"href":"https:\/\/archive.sana.sy\/es\/index.php?rest_route=\/wp\/v2\/posts"}],"about":[{"href":"https:\/\/archive.sana.sy\/es\/index.php?rest_route=\/wp\/v2\/types\/post"}],"author":[{"embeddable":true,"href":"https:\/\/archive.sana.sy\/es\/index.php?rest_route=\/wp\/v2\/users\/24"}],"replies":[{"embeddable":true,"href":"https:\/\/archive.sana.sy\/es\/index.php?rest_route=%2Fwp%2Fv2%2Fcomments&post=35348"}],"version-history":[{"count":0,"href":"https:\/\/archive.sana.sy\/es\/index.php?rest_route=\/wp\/v2\/posts\/35348\/revisions"}],"wp:featuredmedia":[{"embeddable":true,"href":"https:\/\/archive.sana.sy\/es\/index.php?rest_route=\/wp\/v2\/media\/35273"}],"wp:attachment":[{"href":"https:\/\/archive.sana.sy\/es\/index.php?rest_route=%2Fwp%2Fv2%2Fmedia&parent=35348"}],"wp:term":[{"taxonomy":"category","embeddable":true,"href":"https:\/\/archive.sana.sy\/es\/index.php?rest_route=%2Fwp%2Fv2%2Fcategories&post=35348"},{"taxonomy":"post_tag","embeddable":true,"href":"https:\/\/archive.sana.sy\/es\/index.php?rest_route=%2Fwp%2Fv2%2Ftags&post=35348"}],"curies":[{"name":"wp","href":"https:\/\/api.w.org\/{rel}","templated":true}]}}