{"id":35359,"date":"2015-12-20T11:06:53","date_gmt":"2015-12-20T09:06:53","guid":{"rendered":"http:\/\/sana.sy\/es\/?p=35359"},"modified":"2023-01-10T15:35:13","modified_gmt":"2023-01-10T13:35:13","slug":"principales-titulares-de-la-prensa-siria-publicada-este-domingo-2","status":"publish","type":"post","link":"https:\/\/archive.sana.sy\/es\/?p=35359","title":{"rendered":"Principales titulares de la prensa siria publicada este domingo"},"content":{"rendered":"<div><span lang=\"ES-TRAD\">Damasco, SANA<\/span><\/div>\n<div><span lang=\"ES-TRAD\">\u00a0<\/span><\/div>\n<div><b><span lang=\"ES-TRAD\">Los principales diarios sirios destacaron los siguientes titulares:<\/span><\/b><\/div>\n<div><span lang=\"ES-TRAD\">\u00a0<\/span><\/div>\n<div><span lang=\"ES-TRAD\">=<\/span><span lang=\"ES-TRAD\"> Ej\u00e9rcito contin\u00faa sus avances en la zona de Ghutta Este en Damasco-campo, donde bombardearon sedes de los terroristas del \u201cEj\u00e9rcito del Islam\u201d.<\/span><\/div>\n<div><span lang=\"ES-TRAD\">\u00a0<\/span><\/div>\n<div><span lang=\"ES-TRAD\">= Unidad del Ej\u00e9rcito realiz\u00f3 bombardea a un refugio de terroristas en la localidad de Atman en Deraa.<\/span><\/div>\n<div><span lang=\"ES-TRAD\">\u00a0<\/span><\/div>\n<div><span lang=\"ES-TRAD\">= Los terroristas sufren colosales bajas tras operativos de los uniformados en el pueblo de Dama en el campo noroeste Sweida.<\/span><\/div>\n<div><span lang=\"ES-TRAD\">\u00a0<\/span><\/div>\n<div><span lang=\"ES-TRAD\">= Los comit\u00e9s populares de defensa contrarrestan ataques del Frente de al-Nousra contra localidades en Alepo.<\/span><\/div>\n<div><span dir=\"RTL\" lang=\"AR-SA\">\u00a0<\/span><\/div>\n<div><span lang=\"ES-TRAD\">= Consejo de Seguridad de la ONU adopta una resoluci\u00f3n sobre la soluci\u00f3n pol\u00edtica en Siria.<\/span><\/div>\n<div><span lang=\"ES-TRAD\">\u00a0<\/span><\/div>\n<div><span lang=\"ES-TRAD\">= Vicecanciller sirio asegura que no existe diferencia ninguna entre el r\u00e9gimen saud\u00ed y el grupo terrorista del EI.<\/span><\/div>\n<div><span dir=\"RTL\" lang=\"AR-SA\">\u00a0<\/span><\/div>\n<div><span lang=\"ES-TRAD\">= Presidente ruso asegura que su pa\u00eds no ha empleado todas sus capacidades en sus operativos antiterroristas en Siria.<\/span><\/div>\n<div><span lang=\"ES-TRAD\">\u00a0<\/span><\/div>\n<div><span lang=\"ES-TRAD\">= Aviaci\u00f3n militar rusa de largo alcance realiza 145 vuelos contra posiciones del Estado Isl\u00e1mico en Siria.<\/span><\/div>\n<div><span lang=\"ES-TRAD\">\u00a0<\/span><\/div>\n<div><span lang=\"ES-TRAD\">= Canciller iran\u00ed afirma que ning\u00fan pa\u00eds tiene derecho a imponer su voluntad sobre un pa\u00eds soberano.<\/span><\/div>\n<div><span lang=\"ES-TRAD\">\u00a0<\/span><\/div>\n<div><span lang=\"ES-TRAD\">= Iluminado el \u00e1rbol de Navidad en el hotel Dama Rose.<\/span><\/div>\n<div><span lang=\"ES-TRAD\">\u00a0<\/span><\/div>\n<div><span lang=\"ES-TRAD\">= Ministerio de Desarrollo Administrativo lanza el programa de M\u00e9rito de Liderazgo Administrativo.<\/span><\/div>\n<div><span lang=\"ES-TRAD\">\u00a0<\/span><\/div>\n<div><span lang=\"ES-TRAD\">= Ej\u00e9rcito impone su control sobre la aldea de Atira en el campo norte de Latakia.<\/span><\/div>\n<div><span lang=\"ES-TRAD\">\u00a0<\/span><\/div>\n<div><span lang=\"ES-TRAD\">= Patriarca Laham asegura que el peligro del Takfirismo amenaza a todos, especialmente al Islam.<\/span><\/div>\n<div><span lang=\"ES-TRAD\">\u00a0<\/span><\/div>\n<div><span lang=\"ES-TRAD\">= R\u00e9gimen turco declara retirada de sus fuerzas del norte de Irak tras petici\u00f3n de Obama.<\/span><\/div>\n<div><span lang=\"ES-TRAD\">\u00a0<\/span><\/div>\n<div><span lang=\"ES-TRAD\">= Protesta en el centro de Beirut para exigir una soluci\u00f3n al problema de Basura y contra la corrupci\u00f3n.<\/span><\/div>\n<div><span lang=\"ES-TRAD\">\u00a0<\/span><\/div>\n<div><span lang=\"ES-TRAD\">= Kerry dice que su pa\u00eds no dispone de ninguna informaci\u00f3n precisa sobre el derribo del avi\u00f3n militar ruso.<\/span><\/div>\n<div><span lang=\"ES-TRAD\">\u00a0<\/span><\/div>\n<div><span lang=\"ES-TRAD\">= Eliminados al menos 25 terroristas del Ej\u00e9rcito de Conquista en Hama e Idleb.<\/span><\/div>\n<div><span lang=\"ES-TRAD\">\u00a0<\/span><\/div>\n<div><span lang=\"ES-TRAD\">= El Relator Especial sobre Libertad de Opini\u00f3n en las Naciones Unidas expresa su preocupaci\u00f3n por la creciente represi\u00f3n de la libertad de expresi\u00f3n en Arabia Saud\u00ed.<\/span><\/div>\n<div><span lang=\"ES-TRAD\">\u00a0<\/span><\/div>\n<div><span lang=\"ES-TRAD\">= Cazas \u00a0saud\u00edes violan el alto el fuego y lanzan ataques en varias provincias de Yemen.<\/span><\/div>\n<div><span lang=\"ES-TRAD\">\u00a0<\/span><\/div>\n<div><span lang=\"ES-TRAD\">= Larijani afirma que la lucha contra el terrorismo requiere de una resoluci\u00f3n conjunta de la ONU.<\/span><\/div>\n<div><span lang=\"ES-TRAD\">\u00a0<\/span><\/div>\n<div><span lang=\"ES-TRAD\">= Forman un comit\u00e9 para supervisar alto el fuego en Yemen.<\/span><\/div>\n<div><span lang=\"ES-TRAD\">\u00a0<\/span><\/div>\n<div><span lang=\"ES-TRAD\">= Obama firma nueva ley de restricciones de viajes sin visado.<\/span><\/div>\n<div><span lang=\"ES-TRAD\">\u00a0<\/span><\/div>\n<div><span lang=\"ES-TRAD\">= Ir\u00e1n exportar\u00e1 9 toneladas de uranio enriquecido a Rusia en los pr\u00f3ximos d\u00edas.<\/span><\/div>\n<div><span lang=\"ES-TRAD\">\u00a0<\/span><\/div>\n<div><span lang=\"ES-TRAD\">= Fuerzas de Seguridad de L\u00edbano arrestan al Emir del Frente al-Nousra en la regi\u00f3n de Akkar.<\/span><\/div>\n","protected":false},"excerpt":{"rendered":"<p>Damasco, SANA \u00a0 Los principales diarios sirios destacaron los siguientes titulares: \u00a0 = Ej\u00e9rcito contin\u00faa sus avances en la zona de Ghutta Este en Damasco-campo, donde bombardearon sedes de los terroristas del \u201cEj\u00e9rcito del Islam\u201d. \u00a0 = Unidad del Ej\u00e9rcito realiz\u00f3 bombardea a un refugio de terroristas en la localidad de Atman en Deraa. \u00a0 &hellip;<\/p>\n","protected":false},"author":1,"featured_media":6186,"comment_status":"closed","ping_status":"closed","sticky":false,"template":"","format":"standard","meta":{"footnotes":""},"categories":[447,555],"tags":[7580],"class_list":["post-35359","post","type-post","status-publish","format-standard","has-post-thumbnail","","category-local-politica","category-prensa","tag-principales-titulares-de-la-prensa-siria-publicada-este-domingo"],"_links":{"self":[{"href":"https:\/\/archive.sana.sy\/es\/index.php?rest_route=\/wp\/v2\/posts\/35359"}],"collection":[{"href":"https:\/\/archive.sana.sy\/es\/index.php?rest_route=\/wp\/v2\/posts"}],"about":[{"href":"https:\/\/archive.sana.sy\/es\/index.php?rest_route=\/wp\/v2\/types\/post"}],"author":[{"embeddable":true,"href":"https:\/\/archive.sana.sy\/es\/index.php?rest_route=\/wp\/v2\/users\/1"}],"replies":[{"embeddable":true,"href":"https:\/\/archive.sana.sy\/es\/index.php?rest_route=%2Fwp%2Fv2%2Fcomments&post=35359"}],"version-history":[{"count":0,"href":"https:\/\/archive.sana.sy\/es\/index.php?rest_route=\/wp\/v2\/posts\/35359\/revisions"}],"wp:featuredmedia":[{"embeddable":true,"href":"https:\/\/archive.sana.sy\/es\/index.php?rest_route=\/wp\/v2\/media\/6186"}],"wp:attachment":[{"href":"https:\/\/archive.sana.sy\/es\/index.php?rest_route=%2Fwp%2Fv2%2Fmedia&parent=35359"}],"wp:term":[{"taxonomy":"category","embeddable":true,"href":"https:\/\/archive.sana.sy\/es\/index.php?rest_route=%2Fwp%2Fv2%2Fcategories&post=35359"},{"taxonomy":"post_tag","embeddable":true,"href":"https:\/\/archive.sana.sy\/es\/index.php?rest_route=%2Fwp%2Fv2%2Ftags&post=35359"}],"curies":[{"name":"wp","href":"https:\/\/api.w.org\/{rel}","templated":true}]}}