{"id":35361,"date":"2015-12-20T15:16:26","date_gmt":"2015-12-20T13:16:26","guid":{"rendered":"http:\/\/sana.sy\/es\/?p=35361"},"modified":"2015-12-20T15:31:53","modified_gmt":"2015-12-20T13:31:53","slug":"samir-al-quntar-resulta-martir-tras-un-ataque-terrorista-contra-su-residencia-en-jaraman","status":"publish","type":"post","link":"https:\/\/archive.sana.sy\/es\/?p=35361","title":{"rendered":"Asesinado el decano de presos liberados Samir Quntar en un ataque terrorista hostil contra Jaramana"},"content":{"rendered":"<p><span style=\"color: #800000\">Damasco campo, SANA<\/span><\/p>\n<p>Muri\u00f3 la noche del s\u00e1bado, el decano de los presos liberados Samir Quntar, en un bombardeo hostil con misiles contra un edificio residencial al sur de la ciudad de Jaramana, en la provincia de Damasco campo.<\/p>\n<p>El corresponsal de SANA inform\u00f3 que el h\u00e9roe Quntar y un n\u00famero de personas cayeron m\u00e1rtires a consecuencia de un bombardeo con misiles contra un edificio residencial, en el barrio Homsi.<\/p>\n<p>El corresponsal agreg\u00f3 que el bombardeo terrorista caus\u00f3 la destrucci\u00f3n total del edificio.<\/p>\n<p>El h\u00e9roe Samir Quntar es uno de miembros m\u00e1s destacados de la resistencia libanesa. Naci\u00f3 en 1962 en la localidad libanesa de Abbieh. Luch\u00f3 contra el ocupante israel\u00ed durante muchos a\u00f1os, y fue encarcelado 30 a\u00f1os en las prisiones sionistas. Fue puesto en libertado en el a\u00f1o 2008 despu\u00e9s de un acuerdo de canje\u00a0entre la resistencia libanesa y el ocupante israel\u00ed.<\/p>\n<p><span style=\"color: #0000ff\">Al Zoubi: asesinato de Quntar es un acto premeditado\u00a0<\/span><\/p>\n<p>En una comunicaci\u00f3n telef\u00f3nica con el canal \u201cal Manar\u201d, el ministro de Informaci\u00f3n, Omran al Zoubi, dijo que el asesinato de Quntar es un nuevo crimen que se agrega a lista de cr\u00edmenes del proyecto sionista, takfirista y terrorista.<\/p>\n<p>Se\u00f1al\u00f3 que este crimen &#8220;premeditado&#8221; demuestra el v\u00ednculo fuerte entre los gobiernos del Golfo Ar\u00e1bigo con Israel.<\/p>\n<p>El titular de Informaci\u00f3n inform\u00f3 que todos los m\u00e1rtires en este atentado terrorista son civiles, agregando que las autoridades pertinentes siguen realizando\u00a0investigaciones de alto nivel para determinar el mecanismo con el que se llev\u00f3 a cabo este atentado terrorista.<\/p>\n<p>Asimismo agreg\u00f3 que el m\u00e1rtir Quntar predec\u00eda que el enemigo sionista y sus lacayos le perseguir\u00edan, y aclar\u00f3 que los que atentan contra el ej\u00e9rcito sirio o el Estado sirio son colaboracionistas\u00a0del ente sionista que sirven al proyecto sionista y el de los emires del petr\u00f3leo, puesto que es el mismo proyecto que porta las mismas metas y herramientas plasmadas en\u00a0el terrorismo takfiri.<\/p>\n<p>Aclar\u00f3 que el ente del ocupante israel\u00ed es un c\u00f3mplice de la guerra contra siria y su apoyo a los terroristas del Frente de al-Nousra ya est\u00e1 documentado con fotos y hechos.<\/p>\n<p><span style=\"color: #0000ff\">Asamblea del Pueblo: Eje de Resistencia seguir\u00e1 luchando contra la trama sionista- terrorista\u00a0<\/span><\/p>\n<p>Asimismo, la Asamblea del Pueblo emiti\u00f3 un comunicado en el que conden\u00f3 la operaci\u00f3n terrorista que sacudi\u00f3 anoche la ciudad de Jaramana.<\/p>\n<p>El Parlamento sirio consider\u00f3 que este crimen inefable indica que el terrorismo takfiri que sufre Siria es guiado por el ocupante israel\u00ed.<\/p>\n<p>Asegur\u00f3 que el Eje de Resistencia se ve\u00a0determinado hoy m\u00e1s que nunca a torpedear la trama sionista terrorista, y a\u00f1adi\u00f3 que las victorias marcadas por el ej\u00e9rcito sirio y los elementos de la Resistencia libanesa contra las organizaciones terroristas, manos del ente sionista en Siria, demuestran que Siria cantar\u00e1 victoria pronto.<\/p>\n<p><span style=\"color: #0000ff\">Gabinete denuncia el asesinato de Quntar<\/span><\/p>\n<p>En el mismo contexto, el Gabinete denunci\u00f3 en\u00e9rgicamente esta operaci\u00f3n terrorista.<\/p>\n<p>En un comunicado emitido este domingo, el primer ministro, Wael al-Halqui se\u00f1al\u00f3 que la sangre de Quntar derramada en este atentado demuestra otra vez m\u00e1s que los pueblos sirio y liban\u00e9s tienen al mismo destino, tildando el asesinato de h\u00e9roe liban\u00e9s de \u201cuna embestida contra el Eje de la Resistencia\u201d.<\/p>\n<p>Al-Halqui agreg\u00f3 que la sangre de Quntar no se derram\u00f3 en vano, se\u00f1alando que las manos asesinas que mataron al luchador liban\u00e9s son las mismas que atentan contra el resistente pueblo sirio.<\/p>\n<p>Asegur\u00f3 que este acto terrorista cobarde no impedir\u00e1 al Eje\u00a0de Resistencia seguir haciendo frente a la guerra terrorista librada contra la patria y la naci\u00f3n \u00e1rabe para extirpar el terrorismo y reforzar el eje de la resistencia contra el enemigo israel\u00ed.<\/p>\n<p>&nbsp;<\/p>\n<div id='gallery-1' class='gallery galleryid-35361 gallery-columns-3 gallery-size-thumbnail'><figure class='gallery-item'>\n\t\t\t<div class='gallery-icon landscape'>\n\t\t\t\t<a href='https:\/\/archive.sana.sy\/es\/wp-content\/uploads\/2015\/12\/escombros-Quntar-4.jpg'><img loading=\"lazy\" decoding=\"async\" width=\"150\" height=\"100\" src=\"https:\/\/archive.sana.sy\/es\/wp-content\/uploads\/2015\/12\/escombros-Quntar-4-150x100.jpg\" class=\"attachment-thumbnail size-thumbnail\" alt=\"\" srcset=\"https:\/\/archive.sana.sy\/es\/wp-content\/uploads\/2015\/12\/escombros-Quntar-4-150x100.jpg 150w, https:\/\/archive.sana.sy\/es\/wp-content\/uploads\/2015\/12\/escombros-Quntar-4-300x200.jpg 300w, https:\/\/archive.sana.sy\/es\/wp-content\/uploads\/2015\/12\/escombros-Quntar-4-768x511.jpg 768w, https:\/\/archive.sana.sy\/es\/wp-content\/uploads\/2015\/12\/escombros-Quntar-4-1024x681.jpg 1024w, https:\/\/archive.sana.sy\/es\/wp-content\/uploads\/2015\/12\/escombros-Quntar-4-310x205.jpg 310w\" sizes=\"(max-width: 150px) 100vw, 150px\" \/><\/a>\n\t\t\t<\/div><\/figure><figure class='gallery-item'>\n\t\t\t<div class='gallery-icon landscape'>\n\t\t\t\t<a href='https:\/\/archive.sana.sy\/es\/wp-content\/uploads\/2015\/12\/escombros-Quntar-3.jpg'><img loading=\"lazy\" decoding=\"async\" width=\"150\" height=\"102\" src=\"https:\/\/archive.sana.sy\/es\/wp-content\/uploads\/2015\/12\/escombros-Quntar-3-150x102.jpg\" class=\"attachment-thumbnail size-thumbnail\" alt=\"\" srcset=\"https:\/\/archive.sana.sy\/es\/wp-content\/uploads\/2015\/12\/escombros-Quntar-3-150x102.jpg 150w, https:\/\/archive.sana.sy\/es\/wp-content\/uploads\/2015\/12\/escombros-Quntar-3-300x203.jpg 300w, https:\/\/archive.sana.sy\/es\/wp-content\/uploads\/2015\/12\/escombros-Quntar-3-768x520.jpg 768w, https:\/\/archive.sana.sy\/es\/wp-content\/uploads\/2015\/12\/escombros-Quntar-3-1024x693.jpg 1024w, https:\/\/archive.sana.sy\/es\/wp-content\/uploads\/2015\/12\/escombros-Quntar-3-110x75.jpg 110w\" sizes=\"(max-width: 150px) 100vw, 150px\" \/><\/a>\n\t\t\t<\/div><\/figure><figure class='gallery-item'>\n\t\t\t<div class='gallery-icon landscape'>\n\t\t\t\t<a href='https:\/\/archive.sana.sy\/es\/wp-content\/uploads\/2015\/12\/escombros-Quntar-2.jpg'><img loading=\"lazy\" decoding=\"async\" width=\"150\" height=\"100\" src=\"https:\/\/archive.sana.sy\/es\/wp-content\/uploads\/2015\/12\/escombros-Quntar-2-150x100.jpg\" class=\"attachment-thumbnail size-thumbnail\" alt=\"\" srcset=\"https:\/\/archive.sana.sy\/es\/wp-content\/uploads\/2015\/12\/escombros-Quntar-2-150x100.jpg 150w, https:\/\/archive.sana.sy\/es\/wp-content\/uploads\/2015\/12\/escombros-Quntar-2-300x200.jpg 300w, https:\/\/archive.sana.sy\/es\/wp-content\/uploads\/2015\/12\/escombros-Quntar-2-768x511.jpg 768w, https:\/\/archive.sana.sy\/es\/wp-content\/uploads\/2015\/12\/escombros-Quntar-2-1024x681.jpg 1024w, https:\/\/archive.sana.sy\/es\/wp-content\/uploads\/2015\/12\/escombros-Quntar-2-310x205.jpg 310w\" sizes=\"(max-width: 150px) 100vw, 150px\" \/><\/a>\n\t\t\t<\/div><\/figure><figure class='gallery-item'>\n\t\t\t<div class='gallery-icon portrait'>\n\t\t\t\t<a href='https:\/\/archive.sana.sy\/es\/wp-content\/uploads\/2015\/12\/escombros-Quntar-1.jpg'><img loading=\"lazy\" decoding=\"async\" width=\"100\" height=\"150\" src=\"https:\/\/archive.sana.sy\/es\/wp-content\/uploads\/2015\/12\/escombros-Quntar-1-100x150.jpg\" class=\"attachment-thumbnail size-thumbnail\" alt=\"\" srcset=\"https:\/\/archive.sana.sy\/es\/wp-content\/uploads\/2015\/12\/escombros-Quntar-1-100x150.jpg 100w, https:\/\/archive.sana.sy\/es\/wp-content\/uploads\/2015\/12\/escombros-Quntar-1-200x300.jpg 200w, https:\/\/archive.sana.sy\/es\/wp-content\/uploads\/2015\/12\/escombros-Quntar-1-768x1154.jpg 768w, https:\/\/archive.sana.sy\/es\/wp-content\/uploads\/2015\/12\/escombros-Quntar-1-681x1024.jpg 681w, https:\/\/archive.sana.sy\/es\/wp-content\/uploads\/2015\/12\/escombros-Quntar-1.jpg 1996w\" sizes=\"(max-width: 100px) 100vw, 100px\" \/><\/a>\n\t\t\t<\/div><\/figure>\n\t\t<\/div>\n\n<p>&nbsp;<\/p>\n<p>&nbsp;<br \/>\nFady M., Hala B., Lynn A.<\/p>\n","protected":false},"excerpt":{"rendered":"<p>Damasco campo, SANA Muri\u00f3 la noche del s\u00e1bado, el decano de los presos liberados Samir Quntar, en un bombardeo hostil con misiles contra un edificio residencial al sur de la ciudad de Jaramana, en la provincia de Damasco campo. El corresponsal de SANA inform\u00f3 que el h\u00e9roe Quntar y un n\u00famero de personas cayeron m\u00e1rtires &hellip;<\/p>\n","protected":false},"author":1,"featured_media":35362,"comment_status":"closed","ping_status":"closed","sticky":false,"template":"","format":"standard","meta":{"footnotes":""},"categories":[476,457,576,583,7541],"tags":[7624,7623],"class_list":["post-35361","post","type-post","status-publish","format-standard","has-post-thumbnail","","category-locales","category-noticias-arabe-internacional-politica","category-noticias-politicas","category-slide","category-ultimas-noticias","tag-asesinado-el-decano-de-presos-liberados-samir-quntar-en-un-ataque-terrorista-hostil-contra-jaramana","tag-samir-al-quntar-resulta-martir-tras-un-ataque-terrorista-contra-su-residencia-en-jaraman"],"_links":{"self":[{"href":"https:\/\/archive.sana.sy\/es\/index.php?rest_route=\/wp\/v2\/posts\/35361"}],"collection":[{"href":"https:\/\/archive.sana.sy\/es\/index.php?rest_route=\/wp\/v2\/posts"}],"about":[{"href":"https:\/\/archive.sana.sy\/es\/index.php?rest_route=\/wp\/v2\/types\/post"}],"author":[{"embeddable":true,"href":"https:\/\/archive.sana.sy\/es\/index.php?rest_route=\/wp\/v2\/users\/1"}],"replies":[{"embeddable":true,"href":"https:\/\/archive.sana.sy\/es\/index.php?rest_route=%2Fwp%2Fv2%2Fcomments&post=35361"}],"version-history":[{"count":0,"href":"https:\/\/archive.sana.sy\/es\/index.php?rest_route=\/wp\/v2\/posts\/35361\/revisions"}],"wp:featuredmedia":[{"embeddable":true,"href":"https:\/\/archive.sana.sy\/es\/index.php?rest_route=\/wp\/v2\/media\/35362"}],"wp:attachment":[{"href":"https:\/\/archive.sana.sy\/es\/index.php?rest_route=%2Fwp%2Fv2%2Fmedia&parent=35361"}],"wp:term":[{"taxonomy":"category","embeddable":true,"href":"https:\/\/archive.sana.sy\/es\/index.php?rest_route=%2Fwp%2Fv2%2Fcategories&post=35361"},{"taxonomy":"post_tag","embeddable":true,"href":"https:\/\/archive.sana.sy\/es\/index.php?rest_route=%2Fwp%2Fv2%2Ftags&post=35361"}],"curies":[{"name":"wp","href":"https:\/\/api.w.org\/{rel}","templated":true}]}}