{"id":353621,"date":"2025-05-17T12:52:35","date_gmt":"2025-05-17T09:52:35","guid":{"rendered":"https:\/\/sana.sy\/es\/?p=353621"},"modified":"2025-05-17T12:52:35","modified_gmt":"2025-05-17T09:52:35","slug":"%e2%9a%a1%ef%b8%8fasimismo-aprecio-la-decision-de-estados-unidos-de-levantar-las-sanciones-contra-siria-y-espero-que-esta-medida-contribuya-a-aliviar-el-sufrimiento-del-hermano-pueblo-sirio","status":"publish","type":"post","link":"https:\/\/archive.sana.sy\/es\/?p=353621","title":{"rendered":"&#x26a1;&#xfe0f;Asimismo, apreci\u00f3 la decisi\u00f3n de Estados Unidos de levantar las sanciones contra Siria y esper\u00f3 que esta medida contribuya a aliviar el sufrimiento del hermano pueblo sirio"},"content":{"rendered":"","protected":false},"excerpt":{"rendered":"","protected":false},"author":32,"featured_media":0,"comment_status":"closed","ping_status":"closed","sticky":false,"template":"","format":"standard","meta":{"footnotes":""},"categories":[20724],"tags":[],"class_list":["post-353621","post","type-post","status-publish","format-standard","","category-minuto-a-minuto"],"_links":{"self":[{"href":"https:\/\/archive.sana.sy\/es\/index.php?rest_route=\/wp\/v2\/posts\/353621"}],"collection":[{"href":"https:\/\/archive.sana.sy\/es\/index.php?rest_route=\/wp\/v2\/posts"}],"about":[{"href":"https:\/\/archive.sana.sy\/es\/index.php?rest_route=\/wp\/v2\/types\/post"}],"author":[{"embeddable":true,"href":"https:\/\/archive.sana.sy\/es\/index.php?rest_route=\/wp\/v2\/users\/32"}],"replies":[{"embeddable":true,"href":"https:\/\/archive.sana.sy\/es\/index.php?rest_route=%2Fwp%2Fv2%2Fcomments&post=353621"}],"version-history":[{"count":1,"href":"https:\/\/archive.sana.sy\/es\/index.php?rest_route=\/wp\/v2\/posts\/353621\/revisions"}],"predecessor-version":[{"id":353622,"href":"https:\/\/archive.sana.sy\/es\/index.php?rest_route=\/wp\/v2\/posts\/353621\/revisions\/353622"}],"wp:attachment":[{"href":"https:\/\/archive.sana.sy\/es\/index.php?rest_route=%2Fwp%2Fv2%2Fmedia&parent=353621"}],"wp:term":[{"taxonomy":"category","embeddable":true,"href":"https:\/\/archive.sana.sy\/es\/index.php?rest_route=%2Fwp%2Fv2%2Fcategories&post=353621"},{"taxonomy":"post_tag","embeddable":true,"href":"https:\/\/archive.sana.sy\/es\/index.php?rest_route=%2Fwp%2Fv2%2Ftags&post=353621"}],"curies":[{"name":"wp","href":"https:\/\/api.w.org\/{rel}","templated":true}]}}