{"id":353630,"date":"2025-05-17T13:51:02","date_gmt":"2025-05-17T10:51:02","guid":{"rendered":"https:\/\/sana.sy\/es\/?p=353630"},"modified":"2025-05-17T13:51:02","modified_gmt":"2025-05-17T10:51:02","slug":"%f0%9f%87%af%f0%9f%87%b4el-primer-ministro-jordano-jafar-hassan-afirma-en-su-discurso-en-la-cumbre-arabe-en-iraq-el-apoyo-a-siria-y-a-su-seguridad-estabilidad-unidad-soberania-y-bienestar-y-al","status":"publish","type":"post","link":"https:\/\/archive.sana.sy\/es\/?p=353630","title":{"rendered":"&#x1f1ef;&#x1f1f4;El primer ministro jordano, Jafar Hassan, afirma, en su discurso en la Cumbre \u00c1rabe en Iraq, el apoyo a Siria y a su seguridad, estabilidad, unidad, soberan\u00eda y bienestar, y al regreso de los  desplazados y la reconstrucci\u00f3n."},"content":{"rendered":"","protected":false},"excerpt":{"rendered":"","protected":false},"author":32,"featured_media":0,"comment_status":"closed","ping_status":"closed","sticky":false,"template":"","format":"standard","meta":{"footnotes":""},"categories":[20724],"tags":[],"class_list":["post-353630","post","type-post","status-publish","format-standard","","category-minuto-a-minuto"],"_links":{"self":[{"href":"https:\/\/archive.sana.sy\/es\/index.php?rest_route=\/wp\/v2\/posts\/353630"}],"collection":[{"href":"https:\/\/archive.sana.sy\/es\/index.php?rest_route=\/wp\/v2\/posts"}],"about":[{"href":"https:\/\/archive.sana.sy\/es\/index.php?rest_route=\/wp\/v2\/types\/post"}],"author":[{"embeddable":true,"href":"https:\/\/archive.sana.sy\/es\/index.php?rest_route=\/wp\/v2\/users\/32"}],"replies":[{"embeddable":true,"href":"https:\/\/archive.sana.sy\/es\/index.php?rest_route=%2Fwp%2Fv2%2Fcomments&post=353630"}],"version-history":[{"count":1,"href":"https:\/\/archive.sana.sy\/es\/index.php?rest_route=\/wp\/v2\/posts\/353630\/revisions"}],"predecessor-version":[{"id":353631,"href":"https:\/\/archive.sana.sy\/es\/index.php?rest_route=\/wp\/v2\/posts\/353630\/revisions\/353631"}],"wp:attachment":[{"href":"https:\/\/archive.sana.sy\/es\/index.php?rest_route=%2Fwp%2Fv2%2Fmedia&parent=353630"}],"wp:term":[{"taxonomy":"category","embeddable":true,"href":"https:\/\/archive.sana.sy\/es\/index.php?rest_route=%2Fwp%2Fv2%2Fcategories&post=353630"},{"taxonomy":"post_tag","embeddable":true,"href":"https:\/\/archive.sana.sy\/es\/index.php?rest_route=%2Fwp%2Fv2%2Ftags&post=353630"}],"curies":[{"name":"wp","href":"https:\/\/api.w.org\/{rel}","templated":true}]}}