{"id":353632,"date":"2025-05-17T14:31:52","date_gmt":"2025-05-17T11:31:52","guid":{"rendered":"https:\/\/sana.sy\/es\/?p=353632"},"modified":"2025-05-17T14:31:52","modified_gmt":"2025-05-17T11:31:52","slug":"%f0%9f%87%b2%f0%9f%87%a6-marruecos-decide-reabrir-su-embajada-en-siria","status":"publish","type":"post","link":"https:\/\/archive.sana.sy\/es\/?p=353632","title":{"rendered":"&#x1f1f2;&#x1f1e6; Marruecos decide reabrir su embajada en Siria"},"content":{"rendered":"<p style=\"text-align: justify;\"><span style=\"color: #800000;\"><strong>Bagdad, 17 may (SANA)<\/strong><\/span> Marruecos decidi\u00f3 reabrir su embajada en Siria, cerrada desde 2012.<\/p>\n<p style=\"text-align: justify;\">Esto lo anunci\u00f3 el ministro de Asuntos Exteriores de Marruecos, Nasser Bourita, en su discurso ante la Cumbre \u00c1rabe en Bagdad.<\/p>\n<p style=\"text-align: justify;\">Esper\u00f3 que esta medida contribuya a fortalecer las relaciones fraternales entre ambos pa\u00edses.<\/p>\n<p style=\"text-align: justify;\">Marruecos reitera su apoyo inquebrantable al pueblo sirio para lograr sus aspiraciones en la estabilidad y preservaci\u00f3n de la integridad del pa\u00eds.<\/p>\n","protected":false},"excerpt":{"rendered":"<p>Bagdad, 17 may (SANA) Marruecos decidi\u00f3 reabrir su embajada en Siria, cerrada desde 2012. Esto lo anunci\u00f3 el ministro de Asuntos Exteriores de Marruecos, Nasser Bourita, en su discurso ante la Cumbre \u00c1rabe en Bagdad. Esper\u00f3 que esta medida contribuya a fortalecer las relaciones fraternales entre ambos pa\u00edses. Marruecos reitera su apoyo inquebrantable al pueblo &hellip;<\/p>\n","protected":false},"author":32,"featured_media":353633,"comment_status":"closed","ping_status":"closed","sticky":false,"template":"","format":"standard","meta":{"footnotes":""},"categories":[597,20724,467,7541],"tags":[],"class_list":["post-353632","post","type-post","status-publish","format-standard","has-post-thumbnail","","category-cinta-de-noticias","category-minuto-a-minuto","category-siria-y-el-mundo","category-ultimas-noticias"],"_links":{"self":[{"href":"https:\/\/archive.sana.sy\/es\/index.php?rest_route=\/wp\/v2\/posts\/353632"}],"collection":[{"href":"https:\/\/archive.sana.sy\/es\/index.php?rest_route=\/wp\/v2\/posts"}],"about":[{"href":"https:\/\/archive.sana.sy\/es\/index.php?rest_route=\/wp\/v2\/types\/post"}],"author":[{"embeddable":true,"href":"https:\/\/archive.sana.sy\/es\/index.php?rest_route=\/wp\/v2\/users\/32"}],"replies":[{"embeddable":true,"href":"https:\/\/archive.sana.sy\/es\/index.php?rest_route=%2Fwp%2Fv2%2Fcomments&post=353632"}],"version-history":[{"count":1,"href":"https:\/\/archive.sana.sy\/es\/index.php?rest_route=\/wp\/v2\/posts\/353632\/revisions"}],"predecessor-version":[{"id":353634,"href":"https:\/\/archive.sana.sy\/es\/index.php?rest_route=\/wp\/v2\/posts\/353632\/revisions\/353634"}],"wp:featuredmedia":[{"embeddable":true,"href":"https:\/\/archive.sana.sy\/es\/index.php?rest_route=\/wp\/v2\/media\/353633"}],"wp:attachment":[{"href":"https:\/\/archive.sana.sy\/es\/index.php?rest_route=%2Fwp%2Fv2%2Fmedia&parent=353632"}],"wp:term":[{"taxonomy":"category","embeddable":true,"href":"https:\/\/archive.sana.sy\/es\/index.php?rest_route=%2Fwp%2Fv2%2Fcategories&post=353632"},{"taxonomy":"post_tag","embeddable":true,"href":"https:\/\/archive.sana.sy\/es\/index.php?rest_route=%2Fwp%2Fv2%2Ftags&post=353632"}],"curies":[{"name":"wp","href":"https:\/\/api.w.org\/{rel}","templated":true}]}}