{"id":353649,"date":"2025-05-17T20:05:32","date_gmt":"2025-05-17T17:05:32","guid":{"rendered":"https:\/\/sana.sy\/es\/?p=353649"},"modified":"2025-05-17T20:05:32","modified_gmt":"2025-05-17T17:05:32","slug":"japon-evalua-levantar-sanciones-contra-siria-tras-anuncio-de-eeuu","status":"publish","type":"post","link":"https:\/\/archive.sana.sy\/es\/?p=353649","title":{"rendered":"Jap\u00f3n eval\u00faa levantar sanciones contra Siria tras anuncio de EEUU"},"content":{"rendered":"<p style=\"text-align: justify;\"><span style=\"color: #800000;\"><strong>Tokio, 17 may (SANA)<\/strong> <\/span>El gobierno de Jap\u00f3n est\u00e1 considerando levantar sus sanciones econ\u00f3micas contra Siria, siguiendo los pasos de Estados Unidos despu\u00e9s de que el presidente Donald Trump anunciara el fin de las restricciones.<\/p>\n<p style=\"text-align: justify;\">&#8220;Monitorearemos de cerca las discusiones en la comunidad internacional y tomaremos una decisi\u00f3n apropiada sobre el levantamiento de las sanciones a Siria&#8221;, afirm\u00f3 el ministro de Relaciones Exteriores de Jap\u00f3n, Takeshi Iwaya, en declaraciones recogidas por el peri\u00f3dico japon\u00e9s Asahi.<\/p>\n<p style=\"text-align: justify;\">Adem\u00e1s, destac\u00f3 que su pa\u00eds podr\u00eda eliminar las medidas restrictivas a finales de mayo, en coordinaci\u00f3n con EE.UU. y la Uni\u00f3n Europea.<\/p>\n","protected":false},"excerpt":{"rendered":"<p>Tokio, 17 may (SANA) El gobierno de Jap\u00f3n est\u00e1 considerando levantar sus sanciones econ\u00f3micas contra Siria, siguiendo los pasos de Estados Unidos despu\u00e9s de que el presidente Donald Trump anunciara el fin de las restricciones. &#8220;Monitorearemos de cerca las discusiones en la comunidad internacional y tomaremos una decisi\u00f3n apropiada sobre el levantamiento de las sanciones &hellip;<\/p>\n","protected":false},"author":31,"featured_media":353650,"comment_status":"closed","ping_status":"closed","sticky":false,"template":"","format":"standard","meta":{"footnotes":""},"categories":[597,467,7541],"tags":[],"class_list":["post-353649","post","type-post","status-publish","format-standard","has-post-thumbnail","","category-cinta-de-noticias","category-siria-y-el-mundo","category-ultimas-noticias"],"_links":{"self":[{"href":"https:\/\/archive.sana.sy\/es\/index.php?rest_route=\/wp\/v2\/posts\/353649"}],"collection":[{"href":"https:\/\/archive.sana.sy\/es\/index.php?rest_route=\/wp\/v2\/posts"}],"about":[{"href":"https:\/\/archive.sana.sy\/es\/index.php?rest_route=\/wp\/v2\/types\/post"}],"author":[{"embeddable":true,"href":"https:\/\/archive.sana.sy\/es\/index.php?rest_route=\/wp\/v2\/users\/31"}],"replies":[{"embeddable":true,"href":"https:\/\/archive.sana.sy\/es\/index.php?rest_route=%2Fwp%2Fv2%2Fcomments&post=353649"}],"version-history":[{"count":1,"href":"https:\/\/archive.sana.sy\/es\/index.php?rest_route=\/wp\/v2\/posts\/353649\/revisions"}],"predecessor-version":[{"id":353651,"href":"https:\/\/archive.sana.sy\/es\/index.php?rest_route=\/wp\/v2\/posts\/353649\/revisions\/353651"}],"wp:featuredmedia":[{"embeddable":true,"href":"https:\/\/archive.sana.sy\/es\/index.php?rest_route=\/wp\/v2\/media\/353650"}],"wp:attachment":[{"href":"https:\/\/archive.sana.sy\/es\/index.php?rest_route=%2Fwp%2Fv2%2Fmedia&parent=353649"}],"wp:term":[{"taxonomy":"category","embeddable":true,"href":"https:\/\/archive.sana.sy\/es\/index.php?rest_route=%2Fwp%2Fv2%2Fcategories&post=353649"},{"taxonomy":"post_tag","embeddable":true,"href":"https:\/\/archive.sana.sy\/es\/index.php?rest_route=%2Fwp%2Fv2%2Ftags&post=353649"}],"curies":[{"name":"wp","href":"https:\/\/api.w.org\/{rel}","templated":true}]}}