{"id":353652,"date":"2025-05-17T20:15:10","date_gmt":"2025-05-17T17:15:10","guid":{"rendered":"https:\/\/sana.sy\/es\/?p=353652"},"modified":"2025-05-17T20:15:10","modified_gmt":"2025-05-17T17:15:10","slug":"ministerio-del-interior-anuncia-exito-en-una-operacion-contra-celula-de-daesh-en-alepo","status":"publish","type":"post","link":"https:\/\/archive.sana.sy\/es\/?p=353652","title":{"rendered":"Ministerio del Interior anuncia \u00e9xito en una operaci\u00f3n contra c\u00e9lula de Daesh en Alepo"},"content":{"rendered":"<p style=\"text-align: justify;\"><span style=\"color: #800000;\"><strong>Alepo, 17 may (SANA)\u00a0<\/strong><\/span> El Ministerio del Interior sirio inform\u00f3 hoy la conclusi\u00f3n exitosa de una operaci\u00f3n conjunta entre la Direcci\u00f3n General de Seguridad y el Servicio de Inteligencia Militar, que desarticul\u00f3 una c\u00e9lula de Daesh compuesta por siete miembros en la gobernaci\u00f3n de Alepo.<\/p>\n<p style=\"text-align: justify;\">Durante el operativo, realizado en un refugio utilizado por los terroristas, las fuerzas de seguridad neutralizaron a tres integrantes de este grupo y capturaron vivos a los cuatro restantes.<\/p>\n<p style=\"text-align: justify;\">&#8220;Reafirmamos a nuestro pueblo que continuaremos combatiendo sin tregua a estas c\u00e9lulas criminales. Mantendremos nuestra firmeza en proteger la seguridad nacional y enfrentaremos con determinaci\u00f3n a quienes amenacen la estabilidad del pa\u00eds&#8221;, indic\u00f3 el Ministerio a trav\u00e9s de su canal de Telegram.<\/p>\n","protected":false},"excerpt":{"rendered":"<p>Alepo, 17 may (SANA)\u00a0 El Ministerio del Interior sirio inform\u00f3 hoy la conclusi\u00f3n exitosa de una operaci\u00f3n conjunta entre la Direcci\u00f3n General de Seguridad y el Servicio de Inteligencia Militar, que desarticul\u00f3 una c\u00e9lula de Daesh compuesta por siete miembros en la gobernaci\u00f3n de Alepo. Durante el operativo, realizado en un refugio utilizado por los &hellip;<\/p>\n","protected":false},"author":31,"featured_media":353653,"comment_status":"closed","ping_status":"closed","sticky":false,"template":"","format":"standard","meta":{"footnotes":""},"categories":[597,476,7541],"tags":[],"class_list":["post-353652","post","type-post","status-publish","format-standard","has-post-thumbnail","","category-cinta-de-noticias","category-locales","category-ultimas-noticias"],"_links":{"self":[{"href":"https:\/\/archive.sana.sy\/es\/index.php?rest_route=\/wp\/v2\/posts\/353652"}],"collection":[{"href":"https:\/\/archive.sana.sy\/es\/index.php?rest_route=\/wp\/v2\/posts"}],"about":[{"href":"https:\/\/archive.sana.sy\/es\/index.php?rest_route=\/wp\/v2\/types\/post"}],"author":[{"embeddable":true,"href":"https:\/\/archive.sana.sy\/es\/index.php?rest_route=\/wp\/v2\/users\/31"}],"replies":[{"embeddable":true,"href":"https:\/\/archive.sana.sy\/es\/index.php?rest_route=%2Fwp%2Fv2%2Fcomments&post=353652"}],"version-history":[{"count":1,"href":"https:\/\/archive.sana.sy\/es\/index.php?rest_route=\/wp\/v2\/posts\/353652\/revisions"}],"predecessor-version":[{"id":353654,"href":"https:\/\/archive.sana.sy\/es\/index.php?rest_route=\/wp\/v2\/posts\/353652\/revisions\/353654"}],"wp:featuredmedia":[{"embeddable":true,"href":"https:\/\/archive.sana.sy\/es\/index.php?rest_route=\/wp\/v2\/media\/353653"}],"wp:attachment":[{"href":"https:\/\/archive.sana.sy\/es\/index.php?rest_route=%2Fwp%2Fv2%2Fmedia&parent=353652"}],"wp:term":[{"taxonomy":"category","embeddable":true,"href":"https:\/\/archive.sana.sy\/es\/index.php?rest_route=%2Fwp%2Fv2%2Fcategories&post=353652"},{"taxonomy":"post_tag","embeddable":true,"href":"https:\/\/archive.sana.sy\/es\/index.php?rest_route=%2Fwp%2Fv2%2Ftags&post=353652"}],"curies":[{"name":"wp","href":"https:\/\/api.w.org\/{rel}","templated":true}]}}