{"id":353655,"date":"2025-05-17T21:02:34","date_gmt":"2025-05-17T18:02:34","guid":{"rendered":"https:\/\/sana.sy\/es\/?p=353655"},"modified":"2025-05-17T21:02:34","modified_gmt":"2025-05-17T18:02:34","slug":"declaracion-de-bagdad-reafirma-compromiso-con-la-soberania-y-estabilidad-de-siria","status":"publish","type":"post","link":"https:\/\/archive.sana.sy\/es\/?p=353655","title":{"rendered":"Declaraci\u00f3n de Bagdad reafirma compromiso con la soberan\u00eda y estabilidad de Siria"},"content":{"rendered":"<p style=\"text-align: justify;\"><span style=\"color: #800000;\"><strong>Bagdad, 17 may (SANA)\u00a0\u00a0<\/strong><\/span> \u00a0La Declaraci\u00f3n de Bagdad, emitida al t\u00e9rmino de la 34\u00aa Cumbre \u00c1rabe, reafirm\u00f3 hoy el firme apoyo de los estados \u00e1rabes a la soberan\u00eda, seguridad y estabilidad de Siria, lo que contribuir\u00e1 a la paz regional.<\/p>\n<p style=\"text-align: justify;\">La declaraci\u00f3n, difundido por la Agencia de Noticias Iraqu\u00ed, subray\u00f3 el respeto a las decisiones del pueblo sirio y el rechazo categ\u00f3rico a cualquier injerencia externa en sus asuntos internos.<\/p>\n<p style=\"text-align: justify;\">Conden\u00f3 los repetidos ataques israel\u00edes contra territorio sirio, calific\u00e1ndolos como una violaci\u00f3n flagrante de la soberan\u00eda nacional y un intento por debilitar las capacidades del Estado sirio, e inst\u00f3 a la comunidad internacional y al Consejo de Seguridad de la ONU a tomar medidas concretas para detener estas agresiones .<\/p>\n<p style=\"text-align: justify;\">Los pa\u00edses \u00e1rabes celebraron el levantamiento de las sanciones estadounidenses contra Siria, anunciado por el presidente Donald Trump, y reconocieron los esfuerzos diplom\u00e1ticos de Arabia Saudita en este proceso.<\/p>\n<p style=\"text-align: justify;\">Asimismo, valoraron positivamente la flexibilizaci\u00f3n de las sanciones europeas, un paso fundamental que facilitar\u00e1 la reconstrucci\u00f3n nacional y crear\u00e1 las condiciones necesarias para el retorno seguro y digno de los refugiados sirios a su patria.<\/p>\n<p style=\"text-align: justify;\">La Declaraci\u00f3n hizo un llamado a la convocatoria de una conferencia de di\u00e1logo nacional inclusivo que integre a todos los componentes de la sociedad siria, y enfatiz\u00f3 la necesidad de avanzar hacia un proceso pol\u00edtico integral que garantice la diversidad, la cohesi\u00f3n social y el respeto a los valores sagrados de todos los componentes del pueblo sirio.<\/p>\n","protected":false},"excerpt":{"rendered":"<p>Bagdad, 17 may (SANA)\u00a0\u00a0 \u00a0La Declaraci\u00f3n de Bagdad, emitida al t\u00e9rmino de la 34\u00aa Cumbre \u00c1rabe, reafirm\u00f3 hoy el firme apoyo de los estados \u00e1rabes a la soberan\u00eda, seguridad y estabilidad de Siria, lo que contribuir\u00e1 a la paz regional. La declaraci\u00f3n, difundido por la Agencia de Noticias Iraqu\u00ed, subray\u00f3 el respeto a las decisiones &hellip;<\/p>\n","protected":false},"author":31,"featured_media":353656,"comment_status":"closed","ping_status":"closed","sticky":false,"template":"","format":"standard","meta":{"footnotes":""},"categories":[597,467,7541],"tags":[],"class_list":["post-353655","post","type-post","status-publish","format-standard","has-post-thumbnail","","category-cinta-de-noticias","category-siria-y-el-mundo","category-ultimas-noticias"],"_links":{"self":[{"href":"https:\/\/archive.sana.sy\/es\/index.php?rest_route=\/wp\/v2\/posts\/353655"}],"collection":[{"href":"https:\/\/archive.sana.sy\/es\/index.php?rest_route=\/wp\/v2\/posts"}],"about":[{"href":"https:\/\/archive.sana.sy\/es\/index.php?rest_route=\/wp\/v2\/types\/post"}],"author":[{"embeddable":true,"href":"https:\/\/archive.sana.sy\/es\/index.php?rest_route=\/wp\/v2\/users\/31"}],"replies":[{"embeddable":true,"href":"https:\/\/archive.sana.sy\/es\/index.php?rest_route=%2Fwp%2Fv2%2Fcomments&post=353655"}],"version-history":[{"count":1,"href":"https:\/\/archive.sana.sy\/es\/index.php?rest_route=\/wp\/v2\/posts\/353655\/revisions"}],"predecessor-version":[{"id":353657,"href":"https:\/\/archive.sana.sy\/es\/index.php?rest_route=\/wp\/v2\/posts\/353655\/revisions\/353657"}],"wp:featuredmedia":[{"embeddable":true,"href":"https:\/\/archive.sana.sy\/es\/index.php?rest_route=\/wp\/v2\/media\/353656"}],"wp:attachment":[{"href":"https:\/\/archive.sana.sy\/es\/index.php?rest_route=%2Fwp%2Fv2%2Fmedia&parent=353655"}],"wp:term":[{"taxonomy":"category","embeddable":true,"href":"https:\/\/archive.sana.sy\/es\/index.php?rest_route=%2Fwp%2Fv2%2Fcategories&post=353655"},{"taxonomy":"post_tag","embeddable":true,"href":"https:\/\/archive.sana.sy\/es\/index.php?rest_route=%2Fwp%2Fv2%2Ftags&post=353655"}],"curies":[{"name":"wp","href":"https:\/\/api.w.org\/{rel}","templated":true}]}}