{"id":353658,"date":"2025-05-17T21:00:27","date_gmt":"2025-05-17T18:00:27","guid":{"rendered":"https:\/\/sana.sy\/es\/?p=353658"},"modified":"2025-05-17T21:23:55","modified_gmt":"2025-05-17T18:23:55","slug":"siria-y-turkiye-analizan-la-cooperacion-bilateral-en-el-ambito-mediatico","status":"publish","type":"post","link":"https:\/\/archive.sana.sy\/es\/?p=353658","title":{"rendered":"Siria y T\u00fcrkiye analizan la cooperaci\u00f3n bilateral en el \u00e1mbito medi\u00e1tico"},"content":{"rendered":"<p style=\"text-align: justify;\"><span style=\"color: #800000;\"><strong>Damasco, 17 may (SANA)\u00a0<\/strong> <\/span>El Ministro de Informaci\u00f3n de Siria, Hamza Mustafa, mantuvo hoy una conversaci\u00f3n telef\u00f3nica con Fahrettin Altun, Jefe del Departamento de Comunicaciones de la Presidencia de T\u00fcrkiye, en la que abordaron diversos aspectos de la cooperaci\u00f3n bilateral en materia de informaci\u00f3n.<\/p>\n<p style=\"text-align: justify;\">Ambas partes examinaron el papel actual de los medios de comunicaci\u00f3n en ambos pa\u00edses y los desaf\u00edos comunes que enfrentan, particularmente en la lucha contra la desinformaci\u00f3n. Tambi\u00e9n estudiaron las posibles v\u00edas para fortalecer la colaboraci\u00f3n conjunta en este sector.<\/p>\n<p style=\"text-align: justify;\">Altun manifest\u00f3 el apoyo de T\u00fcrkiye al desarrollo del sector medi\u00e1tico sirio y expres\u00f3 la disposici\u00f3n de su pa\u00eds para compartir la experiencia necesaria en este campo.<\/p>\n<p style=\"text-align: justify;\">Las dos partes acordaron organizar en breve una reuni\u00f3n presencial para firmar un memor\u00e1ndum de entendimiento al respecto.<\/p>\n","protected":false},"excerpt":{"rendered":"<p>Damasco, 17 may (SANA)\u00a0 El Ministro de Informaci\u00f3n de Siria, Hamza Mustafa, mantuvo hoy una conversaci\u00f3n telef\u00f3nica con Fahrettin Altun, Jefe del Departamento de Comunicaciones de la Presidencia de T\u00fcrkiye, en la que abordaron diversos aspectos de la cooperaci\u00f3n bilateral en materia de informaci\u00f3n. Ambas partes examinaron el papel actual de los medios de comunicaci\u00f3n &hellip;<\/p>\n","protected":false},"author":31,"featured_media":353659,"comment_status":"closed","ping_status":"closed","sticky":false,"template":"","format":"standard","meta":{"footnotes":""},"categories":[597,476,7541],"tags":[],"class_list":["post-353658","post","type-post","status-publish","format-standard","has-post-thumbnail","","category-cinta-de-noticias","category-locales","category-ultimas-noticias"],"_links":{"self":[{"href":"https:\/\/archive.sana.sy\/es\/index.php?rest_route=\/wp\/v2\/posts\/353658"}],"collection":[{"href":"https:\/\/archive.sana.sy\/es\/index.php?rest_route=\/wp\/v2\/posts"}],"about":[{"href":"https:\/\/archive.sana.sy\/es\/index.php?rest_route=\/wp\/v2\/types\/post"}],"author":[{"embeddable":true,"href":"https:\/\/archive.sana.sy\/es\/index.php?rest_route=\/wp\/v2\/users\/31"}],"replies":[{"embeddable":true,"href":"https:\/\/archive.sana.sy\/es\/index.php?rest_route=%2Fwp%2Fv2%2Fcomments&post=353658"}],"version-history":[{"count":1,"href":"https:\/\/archive.sana.sy\/es\/index.php?rest_route=\/wp\/v2\/posts\/353658\/revisions"}],"predecessor-version":[{"id":353660,"href":"https:\/\/archive.sana.sy\/es\/index.php?rest_route=\/wp\/v2\/posts\/353658\/revisions\/353660"}],"wp:featuredmedia":[{"embeddable":true,"href":"https:\/\/archive.sana.sy\/es\/index.php?rest_route=\/wp\/v2\/media\/353659"}],"wp:attachment":[{"href":"https:\/\/archive.sana.sy\/es\/index.php?rest_route=%2Fwp%2Fv2%2Fmedia&parent=353658"}],"wp:term":[{"taxonomy":"category","embeddable":true,"href":"https:\/\/archive.sana.sy\/es\/index.php?rest_route=%2Fwp%2Fv2%2Fcategories&post=353658"},{"taxonomy":"post_tag","embeddable":true,"href":"https:\/\/archive.sana.sy\/es\/index.php?rest_route=%2Fwp%2Fv2%2Ftags&post=353658"}],"curies":[{"name":"wp","href":"https:\/\/api.w.org\/{rel}","templated":true}]}}