{"id":353682,"date":"2025-05-18T09:44:40","date_gmt":"2025-05-18T06:44:40","guid":{"rendered":"https:\/\/sana.sy\/es\/?p=353682"},"modified":"2025-05-18T09:44:53","modified_gmt":"2025-05-18T06:44:53","slug":"ministro-de-defensa-sirio-anuncia-integracion-total-de-las-unidades-militares-al-ministerio","status":"publish","type":"post","link":"https:\/\/archive.sana.sy\/es\/?p=353682","title":{"rendered":"Ministro de Defensa Sirio anuncia integraci\u00f3n total de las unidades militares al Ministerio"},"content":{"rendered":"<blockquote>\n<p style=\"text-align: justify;\"><span style=\"color: #800000;\"><strong>&#8220;Insistimos en la necesidad de que los peque\u00f1os grupos militares restantes se unan al Ministerio en un plazo m\u00e1ximo de 10 d\u00edas a partir de la fecha de este anuncio&#8221;<\/strong><\/span><\/p>\n<\/blockquote>\n<p style=\"text-align: justify;\"><span style=\"color: #800000;\"><strong>Damasco,18 may (SANA)\u00a0<\/strong> <\/span>\u00a0 El ministro de Defensa de Siria, Mayor General Marhaf Abu Qasra, anunci\u00f3 la integraci\u00f3n de todas las unidades militares bajo la estructura unificada del Ministerio de Defensa. Como parte de esta directiva, estableci\u00f3 un plazo m\u00e1ximo de 10 d\u00edas para que los peque\u00f1os grupos militares restantes se unan a este marco institucional.<\/p>\n<p style=\"text-align: justify;\">El anuncio fue realizado por Abu Qasra a trav\u00e9s de una serie de mensajes publicados en su cuenta oficial en la plataforma X, donde explic\u00f3 que,&#8221;tras la liberaci\u00f3n de Siria, comenzamos a trabajar de inmediato para integrar las unidades militares dentro de un marco institucional unificado, y hoy, transmitimos a nuestro honorable pueblo la noticia de la integraci\u00f3n de todas las unidades dentro del Ministerio de Defensa sirio&#8221;.<\/p>\n<p style=\"text-align: justify;\">Abu Qasra a\u00f1adi\u00f3 que este gran logro no habr\u00eda sido posible sin el esfuerzo conjunto de todos.<\/p>\n<p style=\"text-align: justify;\">Expres\u00f3 su sincero agradecimiento y reconocimiento a los comandantes y soldados de las unidades militares por su fruct\u00edfera cooperaci\u00f3n y su gran compromiso, reconociendo la importancia de esta etapa y sus exigencias.<\/p>\n<p style=\"text-align: justify;\">&#8220;Insistimos en la necesidad de que los peque\u00f1os grupos militares restantes se unan al Ministerio en un plazo m\u00e1ximo de 10 d\u00edas a partir de la fecha de este anuncio&#8221; afirm\u00f3.<\/p>\n","protected":false},"excerpt":{"rendered":"<p>&#8220;Insistimos en la necesidad de que los peque\u00f1os grupos militares restantes se unan al Ministerio en un plazo m\u00e1ximo de 10 d\u00edas a partir de la fecha de este anuncio&#8221; Damasco,18 may (SANA)\u00a0 \u00a0 El ministro de Defensa de Siria, Mayor General Marhaf Abu Qasra, anunci\u00f3 la integraci\u00f3n de todas las unidades militares bajo la &hellip;<\/p>\n","protected":false},"author":35,"featured_media":353683,"comment_status":"closed","ping_status":"closed","sticky":false,"template":"","format":"standard","meta":{"footnotes":""},"categories":[597,476,467,7541],"tags":[],"class_list":["post-353682","post","type-post","status-publish","format-standard","has-post-thumbnail","","category-cinta-de-noticias","category-locales","category-siria-y-el-mundo","category-ultimas-noticias"],"_links":{"self":[{"href":"https:\/\/archive.sana.sy\/es\/index.php?rest_route=\/wp\/v2\/posts\/353682"}],"collection":[{"href":"https:\/\/archive.sana.sy\/es\/index.php?rest_route=\/wp\/v2\/posts"}],"about":[{"href":"https:\/\/archive.sana.sy\/es\/index.php?rest_route=\/wp\/v2\/types\/post"}],"author":[{"embeddable":true,"href":"https:\/\/archive.sana.sy\/es\/index.php?rest_route=\/wp\/v2\/users\/35"}],"replies":[{"embeddable":true,"href":"https:\/\/archive.sana.sy\/es\/index.php?rest_route=%2Fwp%2Fv2%2Fcomments&post=353682"}],"version-history":[{"count":2,"href":"https:\/\/archive.sana.sy\/es\/index.php?rest_route=\/wp\/v2\/posts\/353682\/revisions"}],"predecessor-version":[{"id":353685,"href":"https:\/\/archive.sana.sy\/es\/index.php?rest_route=\/wp\/v2\/posts\/353682\/revisions\/353685"}],"wp:featuredmedia":[{"embeddable":true,"href":"https:\/\/archive.sana.sy\/es\/index.php?rest_route=\/wp\/v2\/media\/353683"}],"wp:attachment":[{"href":"https:\/\/archive.sana.sy\/es\/index.php?rest_route=%2Fwp%2Fv2%2Fmedia&parent=353682"}],"wp:term":[{"taxonomy":"category","embeddable":true,"href":"https:\/\/archive.sana.sy\/es\/index.php?rest_route=%2Fwp%2Fv2%2Fcategories&post=353682"},{"taxonomy":"post_tag","embeddable":true,"href":"https:\/\/archive.sana.sy\/es\/index.php?rest_route=%2Fwp%2Fv2%2Ftags&post=353682"}],"curies":[{"name":"wp","href":"https:\/\/api.w.org\/{rel}","templated":true}]}}