{"id":353723,"date":"2025-05-18T16:22:54","date_gmt":"2025-05-18T13:22:54","guid":{"rendered":"https:\/\/sana.sy\/es\/?p=353723"},"modified":"2025-05-18T16:22:54","modified_gmt":"2025-05-18T13:22:54","slug":"siria-y-la-cruz-roja-internacional-fortalecen-cooperacion-conjunta","status":"publish","type":"post","link":"https:\/\/archive.sana.sy\/es\/?p=353723","title":{"rendered":"Siria y la Cruz Roja Internacional fortalecen cooperaci\u00f3n conjunta"},"content":{"rendered":"<p style=\"text-align: justify;\"><span style=\"color: #800000;\">\u00a0Damasco, 18 may (SANA)<\/span> El ministro sirio de Agricultura, Amjad Badr, convers\u00f3 este domingo, con el jefe de la delegaci\u00f3n del Comit\u00e9 Internacional de la Cruz Roja en Siria, Stefan Sakalyan, sobre los futuros mecanismos de cooperaci\u00f3n entre ambas partes.<\/p>\n<p style=\"text-align: justify;\">El ministro destac\u00f3 la necesidad de intensificar y fortalecer la cooperaci\u00f3n con el CICR, revitalizar los proyectos existentes y facilitar la labor de los proyectos que la organizaci\u00f3n pretende apoyar en Siria.<\/p>\n<p style=\"text-align: justify;\">Se\u00f1al\u00f3 la necesidad de evitar los obst\u00e1culos que han impedido el trabajo del organismo, y la importancia de desarrollar un plan de acci\u00f3n conjunto para implementar los proyectos de la organizaci\u00f3n para los agricultores.<\/p>\n<p style=\"text-align: justify;\">Por su parte, Stefan Sakalyan expres\u00f3 el deseo de la Cruz Roja de ampliar sus proyectos en Siria, especialmente los t\u00e9cnicos e h\u00eddricos, el suministro de vacunas para el ganado y la formaci\u00f3n cient\u00edfica del personal del ministerio.<\/p>\n","protected":false},"excerpt":{"rendered":"<p>\u00a0Damasco, 18 may (SANA) El ministro sirio de Agricultura, Amjad Badr, convers\u00f3 este domingo, con el jefe de la delegaci\u00f3n del Comit\u00e9 Internacional de la Cruz Roja en Siria, Stefan Sakalyan, sobre los futuros mecanismos de cooperaci\u00f3n entre ambas partes. El ministro destac\u00f3 la necesidad de intensificar y fortalecer la cooperaci\u00f3n con el CICR, revitalizar &hellip;<\/p>\n","protected":false},"author":32,"featured_media":353724,"comment_status":"closed","ping_status":"closed","sticky":false,"template":"","format":"standard","meta":{"footnotes":""},"categories":[477,597,16686,483,485,20724,476,7541],"tags":[],"class_list":["post-353723","post","type-post","status-publish","format-standard","has-post-thumbnail","","category-noticias-edulcorantes","category-cinta-de-noticias","category-economia","category-negocios-y-finanzas","category-informes-negocios-y-finanzas","category-minuto-a-minuto","category-locales","category-ultimas-noticias"],"_links":{"self":[{"href":"https:\/\/archive.sana.sy\/es\/index.php?rest_route=\/wp\/v2\/posts\/353723"}],"collection":[{"href":"https:\/\/archive.sana.sy\/es\/index.php?rest_route=\/wp\/v2\/posts"}],"about":[{"href":"https:\/\/archive.sana.sy\/es\/index.php?rest_route=\/wp\/v2\/types\/post"}],"author":[{"embeddable":true,"href":"https:\/\/archive.sana.sy\/es\/index.php?rest_route=\/wp\/v2\/users\/32"}],"replies":[{"embeddable":true,"href":"https:\/\/archive.sana.sy\/es\/index.php?rest_route=%2Fwp%2Fv2%2Fcomments&post=353723"}],"version-history":[{"count":1,"href":"https:\/\/archive.sana.sy\/es\/index.php?rest_route=\/wp\/v2\/posts\/353723\/revisions"}],"predecessor-version":[{"id":353725,"href":"https:\/\/archive.sana.sy\/es\/index.php?rest_route=\/wp\/v2\/posts\/353723\/revisions\/353725"}],"wp:featuredmedia":[{"embeddable":true,"href":"https:\/\/archive.sana.sy\/es\/index.php?rest_route=\/wp\/v2\/media\/353724"}],"wp:attachment":[{"href":"https:\/\/archive.sana.sy\/es\/index.php?rest_route=%2Fwp%2Fv2%2Fmedia&parent=353723"}],"wp:term":[{"taxonomy":"category","embeddable":true,"href":"https:\/\/archive.sana.sy\/es\/index.php?rest_route=%2Fwp%2Fv2%2Fcategories&post=353723"},{"taxonomy":"post_tag","embeddable":true,"href":"https:\/\/archive.sana.sy\/es\/index.php?rest_route=%2Fwp%2Fv2%2Ftags&post=353723"}],"curies":[{"name":"wp","href":"https:\/\/api.w.org\/{rel}","templated":true}]}}