{"id":353742,"date":"2025-05-18T19:25:03","date_gmt":"2025-05-18T16:25:03","guid":{"rendered":"https:\/\/sana.sy\/es\/?p=353742"},"modified":"2025-05-18T19:25:03","modified_gmt":"2025-05-18T16:25:03","slug":"un-barco-que-transporta-1-834-vehiculos-turisticos-llega-al-puerto-de-tartous-procedente-de-corea-del-sur","status":"publish","type":"post","link":"https:\/\/archive.sana.sy\/es\/?p=353742","title":{"rendered":"Un barco que transporta 1.834 veh\u00edculos tur\u00edsticos llega al puerto de Tartous, procedente de Corea del Sur"},"content":{"rendered":"<p style=\"text-align: justify;\"><span style=\"color: #800000;\"><strong>Tartous, 18 may (SANA)\u00a0<\/strong><\/span> \u00a0Un barco que transporta 1.834 veh\u00edculos tur\u00edsticos procedentes de Corea del Sur lleg\u00f3 al puerto de Tartous, el segundo barco de este tipo que llega al pa\u00eds en los \u00faltimos tiempos.<\/p>\n<p style=\"text-align: justify;\">El director del Departamento de Aduanas del Puerto de Tartous, Riyad Judi, declar\u00f3 a SANA que la Autoridad General de Cruces Terrestres y Mar\u00edtimos del Puerto de Tartous ha mejorado las medidas de seguridad, aumentado la capacidad, reducido los tiempos de espera de los barcos e implementado todas las medidas e instalaciones aduaneras necesarias para garantizar la calidad del servicio prestado lo m\u00e1s r\u00e1pido posible.<\/p>\n<p style=\"text-align: justify;\">El funcionario enfatiz\u00f3 que los puertos sirios est\u00e1n avanzando hacia la revitalizaci\u00f3n de sus funcionamientos tras el levantamiento de las sanciones econ\u00f3micas, lo que tendr\u00e1 un impacto positivo en la econom\u00eda siria en su conjunto.<\/p>\n<div id='gallery-1' class='gallery galleryid-353742 gallery-columns-1 gallery-size-full'><figure class='gallery-item'>\n\t\t\t<div class='gallery-icon landscape'>\n\t\t\t\t<a href='https:\/\/archive.sana.sy\/es\/?attachment_id=353744'><img loading=\"lazy\" decoding=\"async\" width=\"660\" height=\"455\" src=\"https:\/\/archive.sana.sy\/es\/wp-content\/uploads\/2025\/05\/444-4.jpg\" class=\"attachment-full size-full\" alt=\"\" srcset=\"https:\/\/archive.sana.sy\/es\/wp-content\/uploads\/2025\/05\/444-4.jpg 660w, https:\/\/archive.sana.sy\/es\/wp-content\/uploads\/2025\/05\/444-4-300x207.jpg 300w, https:\/\/archive.sana.sy\/es\/wp-content\/uploads\/2025\/05\/444-4-150x103.jpg 150w, https:\/\/archive.sana.sy\/es\/wp-content\/uploads\/2025\/05\/444-4-110x75.jpg 110w\" sizes=\"(max-width: 660px) 100vw, 660px\" \/><\/a>\n\t\t\t<\/div><\/figure><figure class='gallery-item'>\n\t\t\t<div class='gallery-icon landscape'>\n\t\t\t\t<a href='https:\/\/archive.sana.sy\/es\/?attachment_id=353745'><img loading=\"lazy\" decoding=\"async\" width=\"660\" height=\"376\" src=\"https:\/\/archive.sana.sy\/es\/wp-content\/uploads\/2025\/05\/4-22.jpg\" class=\"attachment-full size-full\" alt=\"\" srcset=\"https:\/\/archive.sana.sy\/es\/wp-content\/uploads\/2025\/05\/4-22.jpg 660w, https:\/\/archive.sana.sy\/es\/wp-content\/uploads\/2025\/05\/4-22-300x171.jpg 300w, https:\/\/archive.sana.sy\/es\/wp-content\/uploads\/2025\/05\/4-22-150x85.jpg 150w\" sizes=\"(max-width: 660px) 100vw, 660px\" \/><\/a>\n\t\t\t<\/div><\/figure><figure class='gallery-item'>\n\t\t\t<div class='gallery-icon landscape'>\n\t\t\t\t<a href='https:\/\/archive.sana.sy\/es\/?attachment_id=353746'><img loading=\"lazy\" decoding=\"async\" width=\"660\" height=\"370\" src=\"https:\/\/archive.sana.sy\/es\/wp-content\/uploads\/2025\/05\/0-9.jpg\" class=\"attachment-full size-full\" alt=\"\" srcset=\"https:\/\/archive.sana.sy\/es\/wp-content\/uploads\/2025\/05\/0-9.jpg 660w, https:\/\/archive.sana.sy\/es\/wp-content\/uploads\/2025\/05\/0-9-300x168.jpg 300w, https:\/\/archive.sana.sy\/es\/wp-content\/uploads\/2025\/05\/0-9-150x84.jpg 150w\" sizes=\"(max-width: 660px) 100vw, 660px\" \/><\/a>\n\t\t\t<\/div><\/figure>\n\t\t<\/div>\n\n","protected":false},"excerpt":{"rendered":"<p>Tartous, 18 may (SANA)\u00a0 \u00a0Un barco que transporta 1.834 veh\u00edculos tur\u00edsticos procedentes de Corea del Sur lleg\u00f3 al puerto de Tartous, el segundo barco de este tipo que llega al pa\u00eds en los \u00faltimos tiempos. El director del Departamento de Aduanas del Puerto de Tartous, Riyad Judi, declar\u00f3 a SANA que la Autoridad General de &hellip;<\/p>\n","protected":false},"author":39,"featured_media":353743,"comment_status":"closed","ping_status":"closed","sticky":false,"template":"","format":"standard","meta":{"footnotes":""},"categories":[477,597,456,467,7541],"tags":[],"class_list":["post-353742","post","type-post","status-publish","format-standard","has-post-thumbnail","","category-noticias-edulcorantes","category-cinta-de-noticias","category-arabe-internacional-politica","category-siria-y-el-mundo","category-ultimas-noticias"],"_links":{"self":[{"href":"https:\/\/archive.sana.sy\/es\/index.php?rest_route=\/wp\/v2\/posts\/353742"}],"collection":[{"href":"https:\/\/archive.sana.sy\/es\/index.php?rest_route=\/wp\/v2\/posts"}],"about":[{"href":"https:\/\/archive.sana.sy\/es\/index.php?rest_route=\/wp\/v2\/types\/post"}],"author":[{"embeddable":true,"href":"https:\/\/archive.sana.sy\/es\/index.php?rest_route=\/wp\/v2\/users\/39"}],"replies":[{"embeddable":true,"href":"https:\/\/archive.sana.sy\/es\/index.php?rest_route=%2Fwp%2Fv2%2Fcomments&post=353742"}],"version-history":[{"count":1,"href":"https:\/\/archive.sana.sy\/es\/index.php?rest_route=\/wp\/v2\/posts\/353742\/revisions"}],"predecessor-version":[{"id":353747,"href":"https:\/\/archive.sana.sy\/es\/index.php?rest_route=\/wp\/v2\/posts\/353742\/revisions\/353747"}],"wp:featuredmedia":[{"embeddable":true,"href":"https:\/\/archive.sana.sy\/es\/index.php?rest_route=\/wp\/v2\/media\/353743"}],"wp:attachment":[{"href":"https:\/\/archive.sana.sy\/es\/index.php?rest_route=%2Fwp%2Fv2%2Fmedia&parent=353742"}],"wp:term":[{"taxonomy":"category","embeddable":true,"href":"https:\/\/archive.sana.sy\/es\/index.php?rest_route=%2Fwp%2Fv2%2Fcategories&post=353742"},{"taxonomy":"post_tag","embeddable":true,"href":"https:\/\/archive.sana.sy\/es\/index.php?rest_route=%2Fwp%2Fv2%2Ftags&post=353742"}],"curies":[{"name":"wp","href":"https:\/\/api.w.org\/{rel}","templated":true}]}}