{"id":353748,"date":"2025-05-18T16:41:29","date_gmt":"2025-05-18T13:41:29","guid":{"rendered":"https:\/\/sana.sy\/es\/?p=353748"},"modified":"2025-05-18T19:41:42","modified_gmt":"2025-05-18T16:41:42","slug":"ministerio-del-interior-anuncia-la-neutralizacion-y-el-arresto-de-miembros-de-daesh-en-alepo","status":"publish","type":"post","link":"https:\/\/archive.sana.sy\/es\/?p=353748","title":{"rendered":"Ministerio del Interior anuncia la neutralizaci\u00f3n y el arresto de miembros de Daesh en Alepo"},"content":{"rendered":"<p style=\"text-align: justify;\"><span style=\"color: #800000;\"><strong>Alepo, 18 may (SANA)<\/strong><\/span>\u00a0 El Ministerio del Interior anunci\u00f3 que una operaci\u00f3n de seguridad conjunta llevada a cabo ayer por el Departamento de Seguridad General y el Servicio de Inteligencia General, dirigida contra un escondite perteneciente a una c\u00e9lula terrorista afiliada a (Daesh) en los barrios orientales de Alepo, dio como resultado el martirio de un oficial de Seguridad General, la neutralizaci\u00f3n de tres miembros de la c\u00e9lula y el arresto de otros cuatro.<\/p>\n<p style=\"text-align: justify;\">La referida instituci\u00f3n\u00a0 public\u00f3 hoy en su canal de Telegram fotos de los miembros de la c\u00e9lula terrorista arrestados, e indic\u00f3 que estos criminales estaban involucrados activamente en la realizaci\u00f3n de actos terroristas, incluidos ataques directos contra personal de seguridad p\u00fablica, asimismo se les incautaron armas, explosivos y chalecos suicidas.<\/p>\n<p style=\"text-align: justify;\">Adem\u00e1s, hab\u00eda afirmado que seguir\u00eda combatiendo las c\u00e9lulas criminales con firmeza y que no dudar\u00eda en proteger la seguridad y la estabilidad del pa\u00eds y enfrentarse a cualquiera que se atreviera a perturbarlas.<\/p>\n<div id='gallery-1' class='gallery galleryid-353748 gallery-columns-1 gallery-size-full'><figure class='gallery-item'>\n\t\t\t<div class='gallery-icon landscape'>\n\t\t\t\t<a href='https:\/\/archive.sana.sy\/es\/?attachment_id=353750'><img loading=\"lazy\" decoding=\"async\" width=\"660\" height=\"370\" src=\"https:\/\/archive.sana.sy\/es\/wp-content\/uploads\/2025\/05\/111-6.jpg\" class=\"attachment-full size-full\" alt=\"\" srcset=\"https:\/\/archive.sana.sy\/es\/wp-content\/uploads\/2025\/05\/111-6.jpg 660w, https:\/\/archive.sana.sy\/es\/wp-content\/uploads\/2025\/05\/111-6-300x168.jpg 300w, https:\/\/archive.sana.sy\/es\/wp-content\/uploads\/2025\/05\/111-6-150x84.jpg 150w\" sizes=\"(max-width: 660px) 100vw, 660px\" \/><\/a>\n\t\t\t<\/div><\/figure><figure class='gallery-item'>\n\t\t\t<div class='gallery-icon landscape'>\n\t\t\t\t<a href='https:\/\/archive.sana.sy\/es\/?attachment_id=353751'><img loading=\"lazy\" decoding=\"async\" width=\"660\" height=\"370\" src=\"https:\/\/archive.sana.sy\/es\/wp-content\/uploads\/2025\/05\/1-29.jpg\" class=\"attachment-full size-full\" alt=\"\" srcset=\"https:\/\/archive.sana.sy\/es\/wp-content\/uploads\/2025\/05\/1-29.jpg 660w, https:\/\/archive.sana.sy\/es\/wp-content\/uploads\/2025\/05\/1-29-300x168.jpg 300w, https:\/\/archive.sana.sy\/es\/wp-content\/uploads\/2025\/05\/1-29-150x84.jpg 150w\" sizes=\"(max-width: 660px) 100vw, 660px\" \/><\/a>\n\t\t\t<\/div><\/figure><figure class='gallery-item'>\n\t\t\t<div class='gallery-icon landscape'>\n\t\t\t\t<a href='https:\/\/archive.sana.sy\/es\/?attachment_id=353752'><img loading=\"lazy\" decoding=\"async\" width=\"660\" height=\"370\" src=\"https:\/\/archive.sana.sy\/es\/wp-content\/uploads\/2025\/05\/11-14.jpg\" class=\"attachment-full size-full\" alt=\"\" srcset=\"https:\/\/archive.sana.sy\/es\/wp-content\/uploads\/2025\/05\/11-14.jpg 660w, https:\/\/archive.sana.sy\/es\/wp-content\/uploads\/2025\/05\/11-14-300x168.jpg 300w, https:\/\/archive.sana.sy\/es\/wp-content\/uploads\/2025\/05\/11-14-150x84.jpg 150w\" sizes=\"(max-width: 660px) 100vw, 660px\" \/><\/a>\n\t\t\t<\/div><\/figure>\n\t\t<\/div>\n\n","protected":false},"excerpt":{"rendered":"<p>Alepo, 18 may (SANA)\u00a0 El Ministerio del Interior anunci\u00f3 que una operaci\u00f3n de seguridad conjunta llevada a cabo ayer por el Departamento de Seguridad General y el Servicio de Inteligencia General, dirigida contra un escondite perteneciente a una c\u00e9lula terrorista afiliada a (Daesh) en los barrios orientales de Alepo, dio como resultado el martirio de &hellip;<\/p>\n","protected":false},"author":39,"featured_media":353749,"comment_status":"closed","ping_status":"closed","sticky":false,"template":"","format":"standard","meta":{"footnotes":""},"categories":[477,597,476,7541],"tags":[],"class_list":["post-353748","post","type-post","status-publish","format-standard","has-post-thumbnail","","category-noticias-edulcorantes","category-cinta-de-noticias","category-locales","category-ultimas-noticias"],"_links":{"self":[{"href":"https:\/\/archive.sana.sy\/es\/index.php?rest_route=\/wp\/v2\/posts\/353748"}],"collection":[{"href":"https:\/\/archive.sana.sy\/es\/index.php?rest_route=\/wp\/v2\/posts"}],"about":[{"href":"https:\/\/archive.sana.sy\/es\/index.php?rest_route=\/wp\/v2\/types\/post"}],"author":[{"embeddable":true,"href":"https:\/\/archive.sana.sy\/es\/index.php?rest_route=\/wp\/v2\/users\/39"}],"replies":[{"embeddable":true,"href":"https:\/\/archive.sana.sy\/es\/index.php?rest_route=%2Fwp%2Fv2%2Fcomments&post=353748"}],"version-history":[{"count":1,"href":"https:\/\/archive.sana.sy\/es\/index.php?rest_route=\/wp\/v2\/posts\/353748\/revisions"}],"predecessor-version":[{"id":353753,"href":"https:\/\/archive.sana.sy\/es\/index.php?rest_route=\/wp\/v2\/posts\/353748\/revisions\/353753"}],"wp:featuredmedia":[{"embeddable":true,"href":"https:\/\/archive.sana.sy\/es\/index.php?rest_route=\/wp\/v2\/media\/353749"}],"wp:attachment":[{"href":"https:\/\/archive.sana.sy\/es\/index.php?rest_route=%2Fwp%2Fv2%2Fmedia&parent=353748"}],"wp:term":[{"taxonomy":"category","embeddable":true,"href":"https:\/\/archive.sana.sy\/es\/index.php?rest_route=%2Fwp%2Fv2%2Fcategories&post=353748"},{"taxonomy":"post_tag","embeddable":true,"href":"https:\/\/archive.sana.sy\/es\/index.php?rest_route=%2Fwp%2Fv2%2Ftags&post=353748"}],"curies":[{"name":"wp","href":"https:\/\/api.w.org\/{rel}","templated":true}]}}