{"id":353754,"date":"2025-05-18T19:49:26","date_gmt":"2025-05-18T16:49:26","guid":{"rendered":"https:\/\/sana.sy\/es\/?p=353754"},"modified":"2025-05-18T19:49:26","modified_gmt":"2025-05-18T16:49:26","slug":"canciller-egipcio-apoyamos-a-siria-su-soberania-unidad-e-integridad-territorial","status":"publish","type":"post","link":"https:\/\/archive.sana.sy\/es\/?p=353754","title":{"rendered":"Canciller egipcio: Apoyamos a Siria, su soberan\u00eda, unidad e integridad territorial"},"content":{"rendered":"<p style=\"text-align: justify;\"><span style=\"color: #800000;\"><strong>El Cairo, 18 may (SANA)\u00a0<\/strong><\/span> El ministro de Asuntos Exteriores egipcio, Badr Abdel Aty, afirm\u00f3 el compromiso de su pa\u00eds de apoyar al pueblo sirio y respetar la soberan\u00eda, la unidad y la integridad territorial de Siria.<\/p>\n<p style=\"text-align: justify;\">La Canciller\u00eda egipcia anunci\u00f3 que Abdel Aty se reuni\u00f3 con Masoud Boulos, el asesor principal del presidente estadounidense para Asuntos \u00c1rabes y de Oriente Medio y el asesor principal para Asuntos Africanos, e intercambi\u00f3 puntos de vista sobre una serie de cuestiones regionales.<\/p>\n<p style=\"text-align: justify;\">Durante el encuentro ,el Canciller egipcio afirm\u00f3 el compromiso de su pa\u00eds de apoyar al hermano pueblo sirio, respetar la soberan\u00eda, la unidad y la integridad territorial de Siria y garantizar que Siria siga siendo una fuente de estabilidad en la regi\u00f3n.<\/p>\n<p style=\"text-align: justify;\">Tambi\u00e9n se\u00f1al\u00f3 la necesidad de &#8220;iniciar un proceso pol\u00edtico integral que incluya a todos los componentes y segmentos de la sociedad siria para superar esta fase crucial&#8221;.<\/p>\n","protected":false},"excerpt":{"rendered":"<p>El Cairo, 18 may (SANA)\u00a0 El ministro de Asuntos Exteriores egipcio, Badr Abdel Aty, afirm\u00f3 el compromiso de su pa\u00eds de apoyar al pueblo sirio y respetar la soberan\u00eda, la unidad y la integridad territorial de Siria. La Canciller\u00eda egipcia anunci\u00f3 que Abdel Aty se reuni\u00f3 con Masoud Boulos, el asesor principal del presidente estadounidense &hellip;<\/p>\n","protected":false},"author":39,"featured_media":353755,"comment_status":"closed","ping_status":"closed","sticky":false,"template":"","format":"standard","meta":{"footnotes":""},"categories":[597,456,20724,467,7541],"tags":[],"class_list":["post-353754","post","type-post","status-publish","format-standard","has-post-thumbnail","","category-cinta-de-noticias","category-arabe-internacional-politica","category-minuto-a-minuto","category-siria-y-el-mundo","category-ultimas-noticias"],"_links":{"self":[{"href":"https:\/\/archive.sana.sy\/es\/index.php?rest_route=\/wp\/v2\/posts\/353754"}],"collection":[{"href":"https:\/\/archive.sana.sy\/es\/index.php?rest_route=\/wp\/v2\/posts"}],"about":[{"href":"https:\/\/archive.sana.sy\/es\/index.php?rest_route=\/wp\/v2\/types\/post"}],"author":[{"embeddable":true,"href":"https:\/\/archive.sana.sy\/es\/index.php?rest_route=\/wp\/v2\/users\/39"}],"replies":[{"embeddable":true,"href":"https:\/\/archive.sana.sy\/es\/index.php?rest_route=%2Fwp%2Fv2%2Fcomments&post=353754"}],"version-history":[{"count":1,"href":"https:\/\/archive.sana.sy\/es\/index.php?rest_route=\/wp\/v2\/posts\/353754\/revisions"}],"predecessor-version":[{"id":353756,"href":"https:\/\/archive.sana.sy\/es\/index.php?rest_route=\/wp\/v2\/posts\/353754\/revisions\/353756"}],"wp:featuredmedia":[{"embeddable":true,"href":"https:\/\/archive.sana.sy\/es\/index.php?rest_route=\/wp\/v2\/media\/353755"}],"wp:attachment":[{"href":"https:\/\/archive.sana.sy\/es\/index.php?rest_route=%2Fwp%2Fv2%2Fmedia&parent=353754"}],"wp:term":[{"taxonomy":"category","embeddable":true,"href":"https:\/\/archive.sana.sy\/es\/index.php?rest_route=%2Fwp%2Fv2%2Fcategories&post=353754"},{"taxonomy":"post_tag","embeddable":true,"href":"https:\/\/archive.sana.sy\/es\/index.php?rest_route=%2Fwp%2Fv2%2Ftags&post=353754"}],"curies":[{"name":"wp","href":"https:\/\/api.w.org\/{rel}","templated":true}]}}