{"id":353757,"date":"2025-05-18T19:05:08","date_gmt":"2025-05-18T16:05:08","guid":{"rendered":"https:\/\/sana.sy\/es\/?p=353757"},"modified":"2025-05-18T20:05:30","modified_gmt":"2025-05-18T17:05:30","slug":"educacion-superior-y-pnud-abordan-prioridades-e-implementacion-de-proyectos-cientificos-conjuntos-en-siria","status":"publish","type":"post","link":"https:\/\/archive.sana.sy\/es\/?p=353757","title":{"rendered":"Educaci\u00f3n Superior y PNUD abordan prioridades e implementaci\u00f3n de proyectos cient\u00edficos conjuntos en Siria"},"content":{"rendered":"<p style=\"text-align: justify;\"><span style=\"color: #800000;\"><strong>Damasco, 18 may (SANA)\u00a0<\/strong> <\/span>El ministro de Educaci\u00f3n Superior e Investigaci\u00f3n Cient\u00edfica, Marwan Al-Halabi, convers\u00f3 con Mohammed Mudawi, representante residente adjunto del Programa de las Naciones Unidas para el Desarrollo (PNUD) en Siria, y la delegaci\u00f3n que lo acompa\u00f1a, sobre las prioridades del sector de la educaci\u00f3n superior en Siria y la implementaci\u00f3n de proyectos conjuntos.<\/p>\n<p style=\"text-align: justify;\"><img loading=\"lazy\" decoding=\"async\" class=\"size-medium wp-image-353759 alignright\" src=\"http:\/\/sana.sy\/es\/wp-content\/uploads\/2025\/05\/photo_3_2025-05-18_18-01-02-300x168.jpg\" alt=\"\" width=\"300\" height=\"168\" srcset=\"https:\/\/archive.sana.sy\/es\/wp-content\/uploads\/2025\/05\/photo_3_2025-05-18_18-01-02-300x168.jpg 300w, https:\/\/archive.sana.sy\/es\/wp-content\/uploads\/2025\/05\/photo_3_2025-05-18_18-01-02-150x84.jpg 150w, https:\/\/archive.sana.sy\/es\/wp-content\/uploads\/2025\/05\/photo_3_2025-05-18_18-01-02.jpg 660w\" sizes=\"(max-width: 300px) 100vw, 300px\" \/><\/p>\n<p style=\"text-align: justify;\">Durante una reuni\u00f3n celebrada hoy en la sede del Ministerio en Damasco, el alto funcionario sirio destac\u00f3 la importancia de la cooperaci\u00f3n en la rehabilitaci\u00f3n y el desarrollo de la universidad virtual que sufri\u00f3 enormes da\u00f1os durante el per\u00edodo de liberaci\u00f3n del r\u00e9gimen anterior.<br \/>\nTambi\u00e9n destac\u00f3 la importancia de la cooperaci\u00f3n en la regulaci\u00f3n de la calidad de la educaci\u00f3n, la mejora de la educaci\u00f3n superior para elevar la clasificaci\u00f3n de las universidades sirias y el establecimiento de centros para el empoderamiento de las mujeres.<\/p>\n<p style=\"text-align: justify;\">Por su parte, el funcionario de la ONU expres\u00f3 la disposici\u00f3n del programa para ayudar a satisfacer las necesidades de la universidad virtual, establecer centros especializados para mujeres sirias y empoderarlas y ayudar al Ministerio a alcanzar sus objetivos e implementar sus proyectos, as\u00ed como fortalecer las relaciones y el trabajo acad\u00e9mico entre el Ministerio y el referido organismo.<\/p>\n<p style=\"text-align: justify;\"><img loading=\"lazy\" decoding=\"async\" class=\"size-medium wp-image-353761 alignright\" src=\"http:\/\/sana.sy\/es\/wp-content\/uploads\/2025\/05\/photo_1_2025-05-18_18-01-02-300x168.jpg\" alt=\"\" width=\"300\" height=\"168\" srcset=\"https:\/\/archive.sana.sy\/es\/wp-content\/uploads\/2025\/05\/photo_1_2025-05-18_18-01-02-300x168.jpg 300w, https:\/\/archive.sana.sy\/es\/wp-content\/uploads\/2025\/05\/photo_1_2025-05-18_18-01-02-150x84.jpg 150w, https:\/\/archive.sana.sy\/es\/wp-content\/uploads\/2025\/05\/photo_1_2025-05-18_18-01-02.jpg 660w\" sizes=\"(max-width: 300px) 100vw, 300px\" \/><\/p>\n<p style=\"text-align: justify;\">Los miembros de la delegaci\u00f3n tambi\u00e9n examinaron la posibilidad de cooperaci\u00f3n en el campo de la inteligencia artificial, el apoyo a la investigaci\u00f3n en las universidades sirias, el establecimiento de clubes estudiantiles para el di\u00e1logo en las universidades, la rehabilitaci\u00f3n y reactivaci\u00f3n de los edificios universitarios, el desarrollo de planes estrat\u00e9gicos para el ministerio, el apoyo a la educaci\u00f3n continua, la atracci\u00f3n de expertos del extranjero para contribuir a los estudios del Ministerio y la asistencia para acceder a los servicios proporcionados por organizaciones fuera de Siria.<\/p>\n","protected":false},"excerpt":{"rendered":"<p>Damasco, 18 may (SANA)\u00a0 El ministro de Educaci\u00f3n Superior e Investigaci\u00f3n Cient\u00edfica, Marwan Al-Halabi, convers\u00f3 con Mohammed Mudawi, representante residente adjunto del Programa de las Naciones Unidas para el Desarrollo (PNUD) en Siria, y la delegaci\u00f3n que lo acompa\u00f1a, sobre las prioridades del sector de la educaci\u00f3n superior en Siria y la implementaci\u00f3n de proyectos &hellip;<\/p>\n","protected":false},"author":39,"featured_media":353758,"comment_status":"closed","ping_status":"closed","sticky":false,"template":"","format":"standard","meta":{"footnotes":""},"categories":[477,597,20724,467,7541],"tags":[],"class_list":["post-353757","post","type-post","status-publish","format-standard","has-post-thumbnail","","category-noticias-edulcorantes","category-cinta-de-noticias","category-minuto-a-minuto","category-siria-y-el-mundo","category-ultimas-noticias"],"_links":{"self":[{"href":"https:\/\/archive.sana.sy\/es\/index.php?rest_route=\/wp\/v2\/posts\/353757"}],"collection":[{"href":"https:\/\/archive.sana.sy\/es\/index.php?rest_route=\/wp\/v2\/posts"}],"about":[{"href":"https:\/\/archive.sana.sy\/es\/index.php?rest_route=\/wp\/v2\/types\/post"}],"author":[{"embeddable":true,"href":"https:\/\/archive.sana.sy\/es\/index.php?rest_route=\/wp\/v2\/users\/39"}],"replies":[{"embeddable":true,"href":"https:\/\/archive.sana.sy\/es\/index.php?rest_route=%2Fwp%2Fv2%2Fcomments&post=353757"}],"version-history":[{"count":2,"href":"https:\/\/archive.sana.sy\/es\/index.php?rest_route=\/wp\/v2\/posts\/353757\/revisions"}],"predecessor-version":[{"id":353763,"href":"https:\/\/archive.sana.sy\/es\/index.php?rest_route=\/wp\/v2\/posts\/353757\/revisions\/353763"}],"wp:featuredmedia":[{"embeddable":true,"href":"https:\/\/archive.sana.sy\/es\/index.php?rest_route=\/wp\/v2\/media\/353758"}],"wp:attachment":[{"href":"https:\/\/archive.sana.sy\/es\/index.php?rest_route=%2Fwp%2Fv2%2Fmedia&parent=353757"}],"wp:term":[{"taxonomy":"category","embeddable":true,"href":"https:\/\/archive.sana.sy\/es\/index.php?rest_route=%2Fwp%2Fv2%2Fcategories&post=353757"},{"taxonomy":"post_tag","embeddable":true,"href":"https:\/\/archive.sana.sy\/es\/index.php?rest_route=%2Fwp%2Fv2%2Ftags&post=353757"}],"curies":[{"name":"wp","href":"https:\/\/api.w.org\/{rel}","templated":true}]}}