{"id":353830,"date":"2025-05-19T17:54:24","date_gmt":"2025-05-19T14:54:24","guid":{"rendered":"https:\/\/sana.sy\/es\/?p=353830"},"modified":"2025-05-19T17:54:24","modified_gmt":"2025-05-19T14:54:24","slug":"bazar-en-apoyo-a-las-familias-sirias-en-damasco","status":"publish","type":"post","link":"https:\/\/archive.sana.sy\/es\/?p=353830","title":{"rendered":"Bazar en apoyo a las familias sirias en Damasco"},"content":{"rendered":"<p style=\"text-align: justify;\">Damasco, 19 may (SANA)\u00a0 Con la participaci\u00f3n de alrededor de 70 mujeres de varias gobernaciones, se inaugur\u00f3 el Bazar de Apoyo a la Familia Siria, en la Ciudad Deportiva Al-Jalaa en Damasco.<\/p>\n<p style=\"text-align: justify;\">En el bazar se ofrecen diversas artesan\u00edas, incluidos productos medicinales naturales, dulces, accesorios, maquillaje, perfumes y ropa.<\/p>\n<p style=\"text-align: justify;\">Nisreen Kama, la organizadora del bazar, declar\u00f3 a SANA que el objetivo del bazar es apoyar a las familias sirias de una manera que permita a las mujeres exhibir sus productos y asegurar una fuente de sustento que les ayude a mejorar sus ingresos.<\/p>\n<p style=\"text-align: justify;\">Adem\u00e1s, Kama aclar\u00f3 que los precios de los productos son aproximadamente un 25% m\u00e1s bajos que los del mercado, manteniendo una alta calidad.<\/p>\n<div id='gallery-1' class='gallery galleryid-353830 gallery-columns-1 gallery-size-full'><figure class='gallery-item'>\n\t\t\t<div class='gallery-icon landscape'>\n\t\t\t\t<a href='https:\/\/archive.sana.sy\/es\/wp-content\/uploads\/2025\/05\/photo_2025-05-19_17-41-09-3.jpg'><img loading=\"lazy\" decoding=\"async\" width=\"1280\" height=\"889\" src=\"https:\/\/archive.sana.sy\/es\/wp-content\/uploads\/2025\/05\/photo_2025-05-19_17-41-09-3.jpg\" class=\"attachment-full size-full\" alt=\"\" srcset=\"https:\/\/archive.sana.sy\/es\/wp-content\/uploads\/2025\/05\/photo_2025-05-19_17-41-09-3.jpg 1280w, https:\/\/archive.sana.sy\/es\/wp-content\/uploads\/2025\/05\/photo_2025-05-19_17-41-09-3-300x208.jpg 300w, https:\/\/archive.sana.sy\/es\/wp-content\/uploads\/2025\/05\/photo_2025-05-19_17-41-09-3-1024x711.jpg 1024w, https:\/\/archive.sana.sy\/es\/wp-content\/uploads\/2025\/05\/photo_2025-05-19_17-41-09-3-150x104.jpg 150w, https:\/\/archive.sana.sy\/es\/wp-content\/uploads\/2025\/05\/photo_2025-05-19_17-41-09-3-768x533.jpg 768w, https:\/\/archive.sana.sy\/es\/wp-content\/uploads\/2025\/05\/photo_2025-05-19_17-41-09-3-110x75.jpg 110w\" sizes=\"(max-width: 1280px) 100vw, 1280px\" \/><\/a>\n\t\t\t<\/div><\/figure><figure class='gallery-item'>\n\t\t\t<div class='gallery-icon landscape'>\n\t\t\t\t<a href='https:\/\/archive.sana.sy\/es\/wp-content\/uploads\/2025\/05\/photo_2025-05-19_17-41-09-2.jpg'><img loading=\"lazy\" decoding=\"async\" width=\"1280\" height=\"946\" src=\"https:\/\/archive.sana.sy\/es\/wp-content\/uploads\/2025\/05\/photo_2025-05-19_17-41-09-2.jpg\" class=\"attachment-full size-full\" alt=\"\" srcset=\"https:\/\/archive.sana.sy\/es\/wp-content\/uploads\/2025\/05\/photo_2025-05-19_17-41-09-2.jpg 1280w, https:\/\/archive.sana.sy\/es\/wp-content\/uploads\/2025\/05\/photo_2025-05-19_17-41-09-2-300x222.jpg 300w, https:\/\/archive.sana.sy\/es\/wp-content\/uploads\/2025\/05\/photo_2025-05-19_17-41-09-2-1024x757.jpg 1024w, https:\/\/archive.sana.sy\/es\/wp-content\/uploads\/2025\/05\/photo_2025-05-19_17-41-09-2-150x111.jpg 150w, https:\/\/archive.sana.sy\/es\/wp-content\/uploads\/2025\/05\/photo_2025-05-19_17-41-09-2-768x568.jpg 768w\" sizes=\"(max-width: 1280px) 100vw, 1280px\" \/><\/a>\n\t\t\t<\/div><\/figure>\n\t\t<\/div>\n\n","protected":false},"excerpt":{"rendered":"<p>Damasco, 19 may (SANA)\u00a0 Con la participaci\u00f3n de alrededor de 70 mujeres de varias gobernaciones, se inaugur\u00f3 el Bazar de Apoyo a la Familia Siria, en la Ciudad Deportiva Al-Jalaa en Damasco. En el bazar se ofrecen diversas artesan\u00edas, incluidos productos medicinales naturales, dulces, accesorios, maquillaje, perfumes y ropa. Nisreen Kama, la organizadora del bazar, &hellip;<\/p>\n","protected":false},"author":31,"featured_media":353831,"comment_status":"closed","ping_status":"closed","sticky":false,"template":"","format":"standard","meta":{"footnotes":""},"categories":[597,510,476],"tags":[],"class_list":["post-353830","post","type-post","status-publish","format-standard","has-post-thumbnail","","category-cinta-de-noticias","category-arte-y-cultura","category-locales"],"_links":{"self":[{"href":"https:\/\/archive.sana.sy\/es\/index.php?rest_route=\/wp\/v2\/posts\/353830"}],"collection":[{"href":"https:\/\/archive.sana.sy\/es\/index.php?rest_route=\/wp\/v2\/posts"}],"about":[{"href":"https:\/\/archive.sana.sy\/es\/index.php?rest_route=\/wp\/v2\/types\/post"}],"author":[{"embeddable":true,"href":"https:\/\/archive.sana.sy\/es\/index.php?rest_route=\/wp\/v2\/users\/31"}],"replies":[{"embeddable":true,"href":"https:\/\/archive.sana.sy\/es\/index.php?rest_route=%2Fwp%2Fv2%2Fcomments&post=353830"}],"version-history":[{"count":1,"href":"https:\/\/archive.sana.sy\/es\/index.php?rest_route=\/wp\/v2\/posts\/353830\/revisions"}],"predecessor-version":[{"id":353834,"href":"https:\/\/archive.sana.sy\/es\/index.php?rest_route=\/wp\/v2\/posts\/353830\/revisions\/353834"}],"wp:featuredmedia":[{"embeddable":true,"href":"https:\/\/archive.sana.sy\/es\/index.php?rest_route=\/wp\/v2\/media\/353831"}],"wp:attachment":[{"href":"https:\/\/archive.sana.sy\/es\/index.php?rest_route=%2Fwp%2Fv2%2Fmedia&parent=353830"}],"wp:term":[{"taxonomy":"category","embeddable":true,"href":"https:\/\/archive.sana.sy\/es\/index.php?rest_route=%2Fwp%2Fv2%2Fcategories&post=353830"},{"taxonomy":"post_tag","embeddable":true,"href":"https:\/\/archive.sana.sy\/es\/index.php?rest_route=%2Fwp%2Fv2%2Ftags&post=353830"}],"curies":[{"name":"wp","href":"https:\/\/api.w.org\/{rel}","templated":true}]}}