{"id":353835,"date":"2025-05-19T18:05:17","date_gmt":"2025-05-19T15:05:17","guid":{"rendered":"https:\/\/sana.sy\/es\/?p=353835"},"modified":"2025-05-19T18:05:17","modified_gmt":"2025-05-19T15:05:17","slug":"el-arte-plastico-y-la-musica-se-fusionan-en-exposicion-en-damasco","status":"publish","type":"post","link":"https:\/\/archive.sana.sy\/es\/?p=353835","title":{"rendered":"El arte pl\u00e1stico y la m\u00fasica se fusionan en exposici\u00f3n en Damasco"},"content":{"rendered":"<p style=\"text-align: justify;\"><span style=\"color: #800000;\"><strong>Damasco, 19 may (SANA)<\/strong><\/span> \u00a0\u00a0El Centro Cultural \u00c1rabe en el barrio Midan de Damasco acogi\u00f3 hoy una exposici\u00f3n colectiva bajo el lema &#8220;Di\u00e1logo de las Bellas Artes con la M\u00fasica 2025&#8221;, que integr\u00f3 pintura y melod\u00edas en vivo.<\/p>\n<p style=\"text-align: justify;\">La muestra reuni\u00f3 a m\u00e1s de 60 artistas pl\u00e1sticos y m\u00fasicos de diversas generaciones, ofreciendo una experiencia multisensorial.<\/p>\n<p style=\"text-align: justify;\">Wedad Mamdouh Taha, directora del centro, destac\u00f3 en declaraciones a SANA que esta iniciativa forma parte de los esfuerzos para reactivar la vida cultural tras la liberaci\u00f3n de Siria, reforzando el rol del arte en la reconstrucci\u00f3n social.<\/p>\n<p style=\"text-align: justify;\">El evento incluy\u00f3 actuaciones en vivo de j\u00f3venes talentos, con el objetivo de promover el di\u00e1logo entre disciplinas art\u00edsticas y crear espacios para la expresi\u00f3n de las nuevas generaciones.<\/p>\n<div id='gallery-1' class='gallery galleryid-353835 gallery-columns-1 gallery-size-full'><figure class='gallery-item'>\n\t\t\t<div class='gallery-icon landscape'>\n\t\t\t\t<a href='https:\/\/archive.sana.sy\/es\/wp-content\/uploads\/2025\/05\/photo_2025-05-19_13-26-48-5.jpg'><img loading=\"lazy\" decoding=\"async\" width=\"660\" height=\"422\" src=\"https:\/\/archive.sana.sy\/es\/wp-content\/uploads\/2025\/05\/photo_2025-05-19_13-26-48-5.jpg\" class=\"attachment-full size-full\" alt=\"\" srcset=\"https:\/\/archive.sana.sy\/es\/wp-content\/uploads\/2025\/05\/photo_2025-05-19_13-26-48-5.jpg 660w, https:\/\/archive.sana.sy\/es\/wp-content\/uploads\/2025\/05\/photo_2025-05-19_13-26-48-5-300x192.jpg 300w, https:\/\/archive.sana.sy\/es\/wp-content\/uploads\/2025\/05\/photo_2025-05-19_13-26-48-5-150x96.jpg 150w\" sizes=\"(max-width: 660px) 100vw, 660px\" \/><\/a>\n\t\t\t<\/div><\/figure><figure class='gallery-item'>\n\t\t\t<div class='gallery-icon landscape'>\n\t\t\t\t<a href='https:\/\/archive.sana.sy\/es\/wp-content\/uploads\/2025\/05\/photo_2025-05-19_13-26-48-4.jpg'><img loading=\"lazy\" decoding=\"async\" width=\"660\" height=\"439\" src=\"https:\/\/archive.sana.sy\/es\/wp-content\/uploads\/2025\/05\/photo_2025-05-19_13-26-48-4.jpg\" class=\"attachment-full size-full\" alt=\"\" srcset=\"https:\/\/archive.sana.sy\/es\/wp-content\/uploads\/2025\/05\/photo_2025-05-19_13-26-48-4.jpg 660w, https:\/\/archive.sana.sy\/es\/wp-content\/uploads\/2025\/05\/photo_2025-05-19_13-26-48-4-300x200.jpg 300w, https:\/\/archive.sana.sy\/es\/wp-content\/uploads\/2025\/05\/photo_2025-05-19_13-26-48-4-150x100.jpg 150w, https:\/\/archive.sana.sy\/es\/wp-content\/uploads\/2025\/05\/photo_2025-05-19_13-26-48-4-310x205.jpg 310w\" sizes=\"(max-width: 660px) 100vw, 660px\" \/><\/a>\n\t\t\t<\/div><\/figure><figure class='gallery-item'>\n\t\t\t<div class='gallery-icon landscape'>\n\t\t\t\t<a href='https:\/\/archive.sana.sy\/es\/wp-content\/uploads\/2025\/05\/photo_2025-05-19_13-26-48-3.jpg'><img loading=\"lazy\" decoding=\"async\" width=\"660\" height=\"414\" src=\"https:\/\/archive.sana.sy\/es\/wp-content\/uploads\/2025\/05\/photo_2025-05-19_13-26-48-3.jpg\" class=\"attachment-full size-full\" alt=\"\" srcset=\"https:\/\/archive.sana.sy\/es\/wp-content\/uploads\/2025\/05\/photo_2025-05-19_13-26-48-3.jpg 660w, https:\/\/archive.sana.sy\/es\/wp-content\/uploads\/2025\/05\/photo_2025-05-19_13-26-48-3-300x188.jpg 300w, https:\/\/archive.sana.sy\/es\/wp-content\/uploads\/2025\/05\/photo_2025-05-19_13-26-48-3-150x94.jpg 150w\" sizes=\"(max-width: 660px) 100vw, 660px\" \/><\/a>\n\t\t\t<\/div><\/figure><figure class='gallery-item'>\n\t\t\t<div class='gallery-icon landscape'>\n\t\t\t\t<a href='https:\/\/archive.sana.sy\/es\/wp-content\/uploads\/2025\/05\/photo_2025-05-19_13-26-48-2.jpg'><img loading=\"lazy\" decoding=\"async\" width=\"660\" height=\"388\" src=\"https:\/\/archive.sana.sy\/es\/wp-content\/uploads\/2025\/05\/photo_2025-05-19_13-26-48-2.jpg\" class=\"attachment-full size-full\" alt=\"\" srcset=\"https:\/\/archive.sana.sy\/es\/wp-content\/uploads\/2025\/05\/photo_2025-05-19_13-26-48-2.jpg 660w, https:\/\/archive.sana.sy\/es\/wp-content\/uploads\/2025\/05\/photo_2025-05-19_13-26-48-2-300x176.jpg 300w, https:\/\/archive.sana.sy\/es\/wp-content\/uploads\/2025\/05\/photo_2025-05-19_13-26-48-2-150x88.jpg 150w\" sizes=\"(max-width: 660px) 100vw, 660px\" \/><\/a>\n\t\t\t<\/div><\/figure>\n\t\t<\/div>\n\n","protected":false},"excerpt":{"rendered":"<p>Damasco, 19 may (SANA) \u00a0\u00a0El Centro Cultural \u00c1rabe en el barrio Midan de Damasco acogi\u00f3 hoy una exposici\u00f3n colectiva bajo el lema &#8220;Di\u00e1logo de las Bellas Artes con la M\u00fasica 2025&#8221;, que integr\u00f3 pintura y melod\u00edas en vivo. La muestra reuni\u00f3 a m\u00e1s de 60 artistas pl\u00e1sticos y m\u00fasicos de diversas generaciones, ofreciendo una experiencia &hellip;<\/p>\n","protected":false},"author":31,"featured_media":353836,"comment_status":"closed","ping_status":"closed","sticky":false,"template":"","format":"standard","meta":{"footnotes":""},"categories":[597,510,476],"tags":[],"class_list":["post-353835","post","type-post","status-publish","format-standard","has-post-thumbnail","","category-cinta-de-noticias","category-arte-y-cultura","category-locales"],"_links":{"self":[{"href":"https:\/\/archive.sana.sy\/es\/index.php?rest_route=\/wp\/v2\/posts\/353835"}],"collection":[{"href":"https:\/\/archive.sana.sy\/es\/index.php?rest_route=\/wp\/v2\/posts"}],"about":[{"href":"https:\/\/archive.sana.sy\/es\/index.php?rest_route=\/wp\/v2\/types\/post"}],"author":[{"embeddable":true,"href":"https:\/\/archive.sana.sy\/es\/index.php?rest_route=\/wp\/v2\/users\/31"}],"replies":[{"embeddable":true,"href":"https:\/\/archive.sana.sy\/es\/index.php?rest_route=%2Fwp%2Fv2%2Fcomments&post=353835"}],"version-history":[{"count":1,"href":"https:\/\/archive.sana.sy\/es\/index.php?rest_route=\/wp\/v2\/posts\/353835\/revisions"}],"predecessor-version":[{"id":353841,"href":"https:\/\/archive.sana.sy\/es\/index.php?rest_route=\/wp\/v2\/posts\/353835\/revisions\/353841"}],"wp:featuredmedia":[{"embeddable":true,"href":"https:\/\/archive.sana.sy\/es\/index.php?rest_route=\/wp\/v2\/media\/353836"}],"wp:attachment":[{"href":"https:\/\/archive.sana.sy\/es\/index.php?rest_route=%2Fwp%2Fv2%2Fmedia&parent=353835"}],"wp:term":[{"taxonomy":"category","embeddable":true,"href":"https:\/\/archive.sana.sy\/es\/index.php?rest_route=%2Fwp%2Fv2%2Fcategories&post=353835"},{"taxonomy":"post_tag","embeddable":true,"href":"https:\/\/archive.sana.sy\/es\/index.php?rest_route=%2Fwp%2Fv2%2Ftags&post=353835"}],"curies":[{"name":"wp","href":"https:\/\/api.w.org\/{rel}","templated":true}]}}