{"id":353845,"date":"2025-05-19T19:15:42","date_gmt":"2025-05-19T16:15:42","guid":{"rendered":"https:\/\/sana.sy\/es\/?p=353845"},"modified":"2025-05-19T20:03:18","modified_gmt":"2025-05-19T17:03:18","slug":"ue-celebra-creacion-de-comisiones-de-justicia-transicional-y-personas-desaparecidas-en-siria","status":"publish","type":"post","link":"https:\/\/archive.sana.sy\/es\/?p=353845","title":{"rendered":"UE celebra creaci\u00f3n de comisiones de Justicia Transicional y Personas Desaparecidas en Siria"},"content":{"rendered":"<p style=\"text-align: justify;\"><span style=\"color: #800000;\"><strong>Bruselas, 19 may (SANA)\u00a0\u00a0<\/strong><\/span> La Uni\u00f3n Europea (UE) valor\u00f3 positivamente el establecimiento de la Comisi\u00f3n Nacional para la Justicia Transicional y la Comisi\u00f3n Nacional para las Personas Desaparecidas en Siria, calific\u00e1ndolas como un &#8220;avance significativo&#8221; en la b\u00fasqueda de justicia integral y verdad para las v\u00edctimas del conflicto.<\/p>\n<p style=\"text-align: justify;\">\u201cLa justicia transicional es fundamental para cimentar la reconciliaci\u00f3n nacional y una paz sostenible\u2026 Clarificar el paradero de los desaparecidos ser\u00e1 clave para dejar atr\u00e1s el pasado&#8221;, subray\u00f3 el bloque europeo en un comunicado oficial difundido este lunes.<\/p>\n<p style=\"text-align: justify;\">La UE exhort\u00f3 a Damasco a garantizar que ambos mecanismos operen con transparencia, equidad e inclusi\u00f3n, ajust\u00e1ndose a los est\u00e1ndares internacionales, y permitiendo la participaci\u00f3n de organismos internacionales y la sociedad civil siria e internacional.<\/p>\n<p style=\"text-align: justify;\">Reiter\u00f3 adem\u00e1s su compromiso continuo con el pueblo sirio en su camino hacia la estabilidad, paz y justicia.<\/p>\n","protected":false},"excerpt":{"rendered":"<p>Bruselas, 19 may (SANA)\u00a0\u00a0 La Uni\u00f3n Europea (UE) valor\u00f3 positivamente el establecimiento de la Comisi\u00f3n Nacional para la Justicia Transicional y la Comisi\u00f3n Nacional para las Personas Desaparecidas en Siria, calific\u00e1ndolas como un &#8220;avance significativo&#8221; en la b\u00fasqueda de justicia integral y verdad para las v\u00edctimas del conflicto. \u201cLa justicia transicional es fundamental para cimentar &hellip;<\/p>\n","protected":false},"author":31,"featured_media":353846,"comment_status":"closed","ping_status":"closed","sticky":false,"template":"","format":"standard","meta":{"footnotes":""},"categories":[597,467,7541],"tags":[],"class_list":["post-353845","post","type-post","status-publish","format-standard","has-post-thumbnail","","category-cinta-de-noticias","category-siria-y-el-mundo","category-ultimas-noticias"],"_links":{"self":[{"href":"https:\/\/archive.sana.sy\/es\/index.php?rest_route=\/wp\/v2\/posts\/353845"}],"collection":[{"href":"https:\/\/archive.sana.sy\/es\/index.php?rest_route=\/wp\/v2\/posts"}],"about":[{"href":"https:\/\/archive.sana.sy\/es\/index.php?rest_route=\/wp\/v2\/types\/post"}],"author":[{"embeddable":true,"href":"https:\/\/archive.sana.sy\/es\/index.php?rest_route=\/wp\/v2\/users\/31"}],"replies":[{"embeddable":true,"href":"https:\/\/archive.sana.sy\/es\/index.php?rest_route=%2Fwp%2Fv2%2Fcomments&post=353845"}],"version-history":[{"count":1,"href":"https:\/\/archive.sana.sy\/es\/index.php?rest_route=\/wp\/v2\/posts\/353845\/revisions"}],"predecessor-version":[{"id":353847,"href":"https:\/\/archive.sana.sy\/es\/index.php?rest_route=\/wp\/v2\/posts\/353845\/revisions\/353847"}],"wp:featuredmedia":[{"embeddable":true,"href":"https:\/\/archive.sana.sy\/es\/index.php?rest_route=\/wp\/v2\/media\/353846"}],"wp:attachment":[{"href":"https:\/\/archive.sana.sy\/es\/index.php?rest_route=%2Fwp%2Fv2%2Fmedia&parent=353845"}],"wp:term":[{"taxonomy":"category","embeddable":true,"href":"https:\/\/archive.sana.sy\/es\/index.php?rest_route=%2Fwp%2Fv2%2Fcategories&post=353845"},{"taxonomy":"post_tag","embeddable":true,"href":"https:\/\/archive.sana.sy\/es\/index.php?rest_route=%2Fwp%2Fv2%2Ftags&post=353845"}],"curies":[{"name":"wp","href":"https:\/\/api.w.org\/{rel}","templated":true}]}}