{"id":353869,"date":"2025-05-19T20:40:57","date_gmt":"2025-05-19T17:40:57","guid":{"rendered":"https:\/\/sana.sy\/es\/?p=353869"},"modified":"2025-05-19T21:04:14","modified_gmt":"2025-05-19T18:04:14","slug":"siria-debuta-en-el-foro-mundial-de-educacion-ewf-2025-en-londres","status":"publish","type":"post","link":"https:\/\/archive.sana.sy\/es\/?p=353869","title":{"rendered":"Siria debuta en el Foro Mundial de Educaci\u00f3n EWF 2025 en Londres"},"content":{"rendered":"<p style=\"text-align: justify;\"><span style=\"color: #800000;\"><strong>Londres, 19 may (SANA)\u00a0<\/strong><\/span> Con la participaci\u00f3n de Siria por primera vez, representada por el ministro de Educaci\u00f3n, Mohammed Abdul Rahman Turko, se inaugur\u00f3 hoy el Foro Mundial de Educaci\u00f3n (EWF 2025) en la capital brit\u00e1nica, un evento que se extender\u00e1 hasta el 21 de mayo.<\/p>\n<p style=\"text-align: justify;\">El encuentro re\u00fane a expertos y delegaciones ministeriales de 135 pa\u00edses para analizar la modernizaci\u00f3n de los sistemas educativos, el desarrollo de habilidades estudiantiles ante los retos globales y la cooperaci\u00f3n internacional para el intercambio de experiencias.<\/p>\n<p style=\"text-align: justify;\">La participaci\u00f3n siria busca fortalecer la cooperaci\u00f3n educativa a nivel global, impulsar la estrategia nacional para formar una generaci\u00f3n preparada ante desaf\u00edos futuros y contribuir al desarrollo del sistema educativo sirio.<\/p>\n<div id='gallery-1' class='gallery galleryid-353869 gallery-columns-1 gallery-size-full'><figure class='gallery-item'>\n\t\t\t<div class='gallery-icon landscape'>\n\t\t\t\t<a href='https:\/\/archive.sana.sy\/es\/wp-content\/uploads\/2025\/05\/photo_2025-05-19_18-50-33-.jpg'><img loading=\"lazy\" decoding=\"async\" width=\"660\" height=\"373\" src=\"https:\/\/archive.sana.sy\/es\/wp-content\/uploads\/2025\/05\/photo_2025-05-19_18-50-33-.jpg\" class=\"attachment-full size-full\" alt=\"\" srcset=\"https:\/\/archive.sana.sy\/es\/wp-content\/uploads\/2025\/05\/photo_2025-05-19_18-50-33-.jpg 660w, https:\/\/archive.sana.sy\/es\/wp-content\/uploads\/2025\/05\/photo_2025-05-19_18-50-33--300x170.jpg 300w, https:\/\/archive.sana.sy\/es\/wp-content\/uploads\/2025\/05\/photo_2025-05-19_18-50-33--150x85.jpg 150w\" sizes=\"(max-width: 660px) 100vw, 660px\" \/><\/a>\n\t\t\t<\/div><\/figure>\n\t\t<\/div>\n\n<p style=\"text-align: justify;\">\n","protected":false},"excerpt":{"rendered":"<p>Londres, 19 may (SANA)\u00a0 Con la participaci\u00f3n de Siria por primera vez, representada por el ministro de Educaci\u00f3n, Mohammed Abdul Rahman Turko, se inaugur\u00f3 hoy el Foro Mundial de Educaci\u00f3n (EWF 2025) en la capital brit\u00e1nica, un evento que se extender\u00e1 hasta el 21 de mayo. El encuentro re\u00fane a expertos y delegaciones ministeriales de &hellip;<\/p>\n","protected":false},"author":31,"featured_media":353870,"comment_status":"closed","ping_status":"closed","sticky":false,"template":"","format":"standard","meta":{"footnotes":""},"categories":[597,467,7541],"tags":[],"class_list":["post-353869","post","type-post","status-publish","format-standard","has-post-thumbnail","","category-cinta-de-noticias","category-siria-y-el-mundo","category-ultimas-noticias"],"_links":{"self":[{"href":"https:\/\/archive.sana.sy\/es\/index.php?rest_route=\/wp\/v2\/posts\/353869"}],"collection":[{"href":"https:\/\/archive.sana.sy\/es\/index.php?rest_route=\/wp\/v2\/posts"}],"about":[{"href":"https:\/\/archive.sana.sy\/es\/index.php?rest_route=\/wp\/v2\/types\/post"}],"author":[{"embeddable":true,"href":"https:\/\/archive.sana.sy\/es\/index.php?rest_route=\/wp\/v2\/users\/31"}],"replies":[{"embeddable":true,"href":"https:\/\/archive.sana.sy\/es\/index.php?rest_route=%2Fwp%2Fv2%2Fcomments&post=353869"}],"version-history":[{"count":2,"href":"https:\/\/archive.sana.sy\/es\/index.php?rest_route=\/wp\/v2\/posts\/353869\/revisions"}],"predecessor-version":[{"id":353873,"href":"https:\/\/archive.sana.sy\/es\/index.php?rest_route=\/wp\/v2\/posts\/353869\/revisions\/353873"}],"wp:featuredmedia":[{"embeddable":true,"href":"https:\/\/archive.sana.sy\/es\/index.php?rest_route=\/wp\/v2\/media\/353870"}],"wp:attachment":[{"href":"https:\/\/archive.sana.sy\/es\/index.php?rest_route=%2Fwp%2Fv2%2Fmedia&parent=353869"}],"wp:term":[{"taxonomy":"category","embeddable":true,"href":"https:\/\/archive.sana.sy\/es\/index.php?rest_route=%2Fwp%2Fv2%2Fcategories&post=353869"},{"taxonomy":"post_tag","embeddable":true,"href":"https:\/\/archive.sana.sy\/es\/index.php?rest_route=%2Fwp%2Fv2%2Ftags&post=353869"}],"curies":[{"name":"wp","href":"https:\/\/api.w.org\/{rel}","templated":true}]}}