{"id":35389,"date":"2015-12-20T20:55:41","date_gmt":"2015-12-20T18:55:41","guid":{"rendered":"http:\/\/sana.sy\/es\/?p=35389"},"modified":"2015-12-20T20:53:11","modified_gmt":"2015-12-20T18:53:11","slug":"al-zoabi-erdogan-inrerpuso-la-opcion-ideologica-por-encima-de-las-opciones-nacionales-apanando-asi-las-relaciones-sirio-turcas","status":"publish","type":"post","link":"https:\/\/archive.sana.sy\/es\/?p=35389","title":{"rendered":"Al-Zoabi: Erdog\u00e1n inrerpuso la opci\u00f3n ideol\u00f3gica por encima de las opciones nacionales apa\u00f1ando as\u00ed las relaciones sirio-turcas"},"content":{"rendered":"<p><strong><span style=\"color: #800000\">Damasco, SANA<\/span><\/strong><\/p>\n<p><strong>El ministro de Informaci\u00f3n Omr\u00e1n al-Zoabi afirm\u00f3 al recibir a una delegaci\u00f3n del Partido de la Patria turco que el \u201cr\u00e9gimen de Erdog\u00e1n es un caso pasajero en la marcha de los pueblos sirio y turco y que los sentimientos de fraternidad y amistad triunfar\u00e1n\u201d.<\/strong><\/p>\n<p><strong>Al-Zoabi se\u00f1al\u00f3 la \u201cexistencia de v\u00ednculos familiares y comerciales entre los pueblos sirio y turco pero el problema est\u00e1 en Erdog\u00e1n quien coloc\u00f3 la opci\u00f3n ideol\u00f3gica por delante de todas las opciones y a expensas de las opciones nacionales apa\u00f1ando de esta forma las relaciones sirio-turcas\u201d.<\/strong><\/p>\n<p><strong>Por su parte el jefe de la delegaci\u00f3n Ismail Haki Bekin afirm\u00f3 que \u201cTurqu\u00eda no es Erdog\u00e1n y \u00e9l est\u00e1 pagando actualmente por el rol que quiso jugar en la regi\u00f3n para desintegrar a sus estados e identidad\u2026\u201d.<\/strong><\/p>\n<p><strong>\u201cDebemos luchar contra la pol\u00edtica de Erdog\u00e1n que desempe\u00f1a determinadas funciones al margen de los intereses de Turqu\u00eda\u201d agreg\u00f3 precisando adem\u00e1s que \u201cSiria es el portal de Turqu\u00eda hacia la regi\u00f3n \u00e1rabe y nosotros necesitamos a dirigentes que hayan aprendido de las lecciones de la historia para hacer frente a los proyectos hostiles a la zona\u2026 pues lo que da\u00f1a a Siria da\u00f1a a Turqu\u00eda tambi\u00e9n\u201d.<\/strong><\/p>\n<p><span style=\"color: #0000ff\"><strong>Mikdad destaca que las relaciones fraternales entre los pueblos sirio y turco son hist\u00f3ricas<\/strong><\/span><\/p>\n<p><strong>El vicecanciller Faysal Mikdad destac\u00f3, en una reuni\u00f3n con una delegaci\u00f3n turca, que las relaciones fraternales que unen a los pueblos sirio y turco son hist\u00f3ricas.<\/strong><\/p>\n<p><strong>Durante la reuni\u00f3n Mikdad tambi\u00e9n explic\u00f3 que el r\u00e9gimen de Erdogan comete cr\u00edmenes atroces contra los pueblos de ambos pa\u00edses mediante su apoyo a las bandas terroristas en Siria y la restricci\u00f3n de la libertad en Turqu\u00eda.<\/strong><\/p>\n<p><strong>\u00a8Erdogan forma parte de las organizaciones terroristas, por tanto Siria no ha apostado por su participaci\u00f3n en una alianza contra DAESH, Frente Al-Nusra y otras organizaciones terroristas\u00a8, se\u00f1al\u00f3 Mikdad.<\/strong><\/p>\n<p><strong>El vicecanciller aprovecho la oportunidad para condenar el r\u00e9gimen turco por haber derribado a un avi\u00f3n ruso que combat\u00eda los terroristas en territorio sirio, haciendo hincapi\u00e9 en que esta acci\u00f3n hostil viene en el marco de su apoyo a DAESH y para encubrir, adem\u00e1s el robo de petr\u00f3leo y antig\u00fcedades por parte de este r\u00e9gimen.<\/strong><\/p>\n<p><strong>Asimismo reiter\u00f3 el compromiso de Siria con una soluci\u00f3n pol\u00edtica a la crisis y afirm\u00f3 que no habr\u00e1 lugar para las bandas terroristas en cualquier dialogo sostenido entre los sirios.<\/strong><\/p>\n<p><strong>A su vez Ismail Haki Bekin, jefe de la delegaci\u00f3n turca, subray\u00f3 que la mayor\u00eda del pueblo turco no apoya las pol\u00edticas de Erdogan ni de su gobierno, se\u00f1alando que el pueblo turco est\u00e1 preocupado por la propagaci\u00f3n del terrorismo en la regi\u00f3n, ya que Turqu\u00eda ser\u00e1 la pr\u00f3xima v\u00edctima de los terroristas.<\/strong><\/p>\n<p><strong>Riyad Sh., Lynn A.-Yamil K.<\/strong><\/p>\n","protected":false},"excerpt":{"rendered":"<p>Damasco, SANA El ministro de Informaci\u00f3n Omr\u00e1n al-Zoabi afirm\u00f3 al recibir a una delegaci\u00f3n del Partido de la Patria turco que el \u201cr\u00e9gimen de Erdog\u00e1n es un caso pasajero en la marcha de los pueblos sirio y turco y que los sentimientos de fraternidad y amistad triunfar\u00e1n\u201d. Al-Zoabi se\u00f1al\u00f3 la \u201cexistencia de v\u00ednculos familiares y &hellip;<\/p>\n","protected":false},"author":24,"featured_media":35390,"comment_status":"closed","ping_status":"closed","sticky":false,"template":"","format":"standard","meta":{"footnotes":""},"categories":[477,597,476,7541],"tags":[],"class_list":["post-35389","post","type-post","status-publish","format-standard","has-post-thumbnail","","category-noticias-edulcorantes","category-cinta-de-noticias","category-locales","category-ultimas-noticias"],"_links":{"self":[{"href":"https:\/\/archive.sana.sy\/es\/index.php?rest_route=\/wp\/v2\/posts\/35389"}],"collection":[{"href":"https:\/\/archive.sana.sy\/es\/index.php?rest_route=\/wp\/v2\/posts"}],"about":[{"href":"https:\/\/archive.sana.sy\/es\/index.php?rest_route=\/wp\/v2\/types\/post"}],"author":[{"embeddable":true,"href":"https:\/\/archive.sana.sy\/es\/index.php?rest_route=\/wp\/v2\/users\/24"}],"replies":[{"embeddable":true,"href":"https:\/\/archive.sana.sy\/es\/index.php?rest_route=%2Fwp%2Fv2%2Fcomments&post=35389"}],"version-history":[{"count":0,"href":"https:\/\/archive.sana.sy\/es\/index.php?rest_route=\/wp\/v2\/posts\/35389\/revisions"}],"wp:featuredmedia":[{"embeddable":true,"href":"https:\/\/archive.sana.sy\/es\/index.php?rest_route=\/wp\/v2\/media\/35390"}],"wp:attachment":[{"href":"https:\/\/archive.sana.sy\/es\/index.php?rest_route=%2Fwp%2Fv2%2Fmedia&parent=35389"}],"wp:term":[{"taxonomy":"category","embeddable":true,"href":"https:\/\/archive.sana.sy\/es\/index.php?rest_route=%2Fwp%2Fv2%2Fcategories&post=35389"},{"taxonomy":"post_tag","embeddable":true,"href":"https:\/\/archive.sana.sy\/es\/index.php?rest_route=%2Fwp%2Fv2%2Ftags&post=35389"}],"curies":[{"name":"wp","href":"https:\/\/api.w.org\/{rel}","templated":true}]}}