{"id":353987,"date":"2025-05-21T08:24:05","date_gmt":"2025-05-21T05:24:05","guid":{"rendered":"https:\/\/sana.sy\/es\/?p=353987"},"modified":"2025-05-21T08:24:12","modified_gmt":"2025-05-21T05:24:12","slug":"hemos-decidido-levantar-las-sanciones-contra-siria-afirma-la-jefe-de-politica-exterior-de-la-ue","status":"publish","type":"post","link":"https:\/\/archive.sana.sy\/es\/?p=353987","title":{"rendered":"Hemos decidido levantar las sanciones contra Siria, afirma la jefe de pol\u00edtica exterior de la UE"},"content":{"rendered":"<p style=\"text-align: justify;\"><span style=\"color: #800000;\"><strong>Bruselas, 21 may (SANA) <\/strong><\/span>La jefa de pol\u00edtica exterior de la Uni\u00f3n Europea (UE), Kaya Kallas, confirm\u00f3 que el bloque decidi\u00f3 hoy levantar las sanciones econ\u00f3micas contra Siria.<\/p>\n<p style=\"text-align: justify;\">&#8220;Hoy, tomamos la decisi\u00f3n de levantar las sanciones econ\u00f3micas contra Siria&#8221;, poste\u00f3 Kallas en X.<\/p>\n<p style=\"text-align: justify;\">Agreg\u00f3 que el objetivo es ayudar al pueblo sirio a construir una Siria nueva, inclusiva y pac\u00edfica.<\/p>\n<p style=\"text-align: justify;\">Se\u00f1al\u00f3 que &#8220;la Uni\u00f3n Europea ha apoyado a los sirios durante los \u00faltimos 14 a\u00f1os y lo seguir\u00e1 haciendo&#8221;.<\/p>\n","protected":false},"excerpt":{"rendered":"<p>Bruselas, 21 may (SANA) La jefa de pol\u00edtica exterior de la Uni\u00f3n Europea (UE), Kaya Kallas, confirm\u00f3 que el bloque decidi\u00f3 hoy levantar las sanciones econ\u00f3micas contra Siria. &#8220;Hoy, tomamos la decisi\u00f3n de levantar las sanciones econ\u00f3micas contra Siria&#8221;, poste\u00f3 Kallas en X. Agreg\u00f3 que el objetivo es ayudar al pueblo sirio a construir una &hellip;<\/p>\n","protected":false},"author":42,"featured_media":353988,"comment_status":"closed","ping_status":"closed","sticky":false,"template":"","format":"standard","meta":{"footnotes":""},"categories":[597,20724,467,7541],"tags":[],"class_list":["post-353987","post","type-post","status-publish","format-standard","has-post-thumbnail","","category-cinta-de-noticias","category-minuto-a-minuto","category-siria-y-el-mundo","category-ultimas-noticias"],"_links":{"self":[{"href":"https:\/\/archive.sana.sy\/es\/index.php?rest_route=\/wp\/v2\/posts\/353987"}],"collection":[{"href":"https:\/\/archive.sana.sy\/es\/index.php?rest_route=\/wp\/v2\/posts"}],"about":[{"href":"https:\/\/archive.sana.sy\/es\/index.php?rest_route=\/wp\/v2\/types\/post"}],"author":[{"embeddable":true,"href":"https:\/\/archive.sana.sy\/es\/index.php?rest_route=\/wp\/v2\/users\/42"}],"replies":[{"embeddable":true,"href":"https:\/\/archive.sana.sy\/es\/index.php?rest_route=%2Fwp%2Fv2%2Fcomments&post=353987"}],"version-history":[{"count":1,"href":"https:\/\/archive.sana.sy\/es\/index.php?rest_route=\/wp\/v2\/posts\/353987\/revisions"}],"predecessor-version":[{"id":353989,"href":"https:\/\/archive.sana.sy\/es\/index.php?rest_route=\/wp\/v2\/posts\/353987\/revisions\/353989"}],"wp:featuredmedia":[{"embeddable":true,"href":"https:\/\/archive.sana.sy\/es\/index.php?rest_route=\/wp\/v2\/media\/353988"}],"wp:attachment":[{"href":"https:\/\/archive.sana.sy\/es\/index.php?rest_route=%2Fwp%2Fv2%2Fmedia&parent=353987"}],"wp:term":[{"taxonomy":"category","embeddable":true,"href":"https:\/\/archive.sana.sy\/es\/index.php?rest_route=%2Fwp%2Fv2%2Fcategories&post=353987"},{"taxonomy":"post_tag","embeddable":true,"href":"https:\/\/archive.sana.sy\/es\/index.php?rest_route=%2Fwp%2Fv2%2Ftags&post=353987"}],"curies":[{"name":"wp","href":"https:\/\/api.w.org\/{rel}","templated":true}]}}