{"id":354001,"date":"2025-05-21T08:37:26","date_gmt":"2025-05-21T05:37:26","guid":{"rendered":"https:\/\/sana.sy\/es\/?p=354001"},"modified":"2025-05-21T08:37:33","modified_gmt":"2025-05-21T05:37:33","slug":"consejo-de-cooperacion-del-golfo-acoge-con-satisfaccion-la-decision-europea-de-levantar-sanciones-a-siria","status":"publish","type":"post","link":"https:\/\/archive.sana.sy\/es\/?p=354001","title":{"rendered":"Consejo de Cooperaci\u00f3n del Golfo acoge con satisfacci\u00f3n la decisi\u00f3n europea de levantar sanciones a Siria"},"content":{"rendered":"<p style=\"text-align: justify;\"><span style=\"color: #800000;\"><strong>Riad, 21 may (SANA) <\/strong><\/span>El secretario general del Consejo de Cooperaci\u00f3n del Golfo (CCG), Jassim Mohammed Al-Budaiwi, acogi\u00f3 bien la decisi\u00f3n de la Uni\u00f3n Europea de levantar las sanciones econ\u00f3micas contra Siria.<\/p>\n<p style=\"text-align: justify;\">Al-Badawi expres\u00f3 su esperanza, como se informa en el sitio web oficial de la Secretar\u00eda General del Consejo, de que esta resoluci\u00f3n represente un paso fundamental para aliviar el sufrimiento cada vez mayor del hermano pueblo sirio y abra nuevas perspectivas para el inicio de una fase de recuperaci\u00f3n y reconstrucci\u00f3n que conduzca a la consolidaci\u00f3n de la seguridad y la estabilidad y al logro de un futuro pr\u00f3spero para Siria y su generoso pueblo.<\/p>\n","protected":false},"excerpt":{"rendered":"<p>Riad, 21 may (SANA) El secretario general del Consejo de Cooperaci\u00f3n del Golfo (CCG), Jassim Mohammed Al-Budaiwi, acogi\u00f3 bien la decisi\u00f3n de la Uni\u00f3n Europea de levantar las sanciones econ\u00f3micas contra Siria. Al-Badawi expres\u00f3 su esperanza, como se informa en el sitio web oficial de la Secretar\u00eda General del Consejo, de que esta resoluci\u00f3n represente &hellip;<\/p>\n","protected":false},"author":42,"featured_media":354002,"comment_status":"closed","ping_status":"closed","sticky":false,"template":"","format":"standard","meta":{"footnotes":""},"categories":[597,20724,467,7541],"tags":[],"class_list":["post-354001","post","type-post","status-publish","format-standard","has-post-thumbnail","","category-cinta-de-noticias","category-minuto-a-minuto","category-siria-y-el-mundo","category-ultimas-noticias"],"_links":{"self":[{"href":"https:\/\/archive.sana.sy\/es\/index.php?rest_route=\/wp\/v2\/posts\/354001"}],"collection":[{"href":"https:\/\/archive.sana.sy\/es\/index.php?rest_route=\/wp\/v2\/posts"}],"about":[{"href":"https:\/\/archive.sana.sy\/es\/index.php?rest_route=\/wp\/v2\/types\/post"}],"author":[{"embeddable":true,"href":"https:\/\/archive.sana.sy\/es\/index.php?rest_route=\/wp\/v2\/users\/42"}],"replies":[{"embeddable":true,"href":"https:\/\/archive.sana.sy\/es\/index.php?rest_route=%2Fwp%2Fv2%2Fcomments&post=354001"}],"version-history":[{"count":1,"href":"https:\/\/archive.sana.sy\/es\/index.php?rest_route=\/wp\/v2\/posts\/354001\/revisions"}],"predecessor-version":[{"id":354003,"href":"https:\/\/archive.sana.sy\/es\/index.php?rest_route=\/wp\/v2\/posts\/354001\/revisions\/354003"}],"wp:featuredmedia":[{"embeddable":true,"href":"https:\/\/archive.sana.sy\/es\/index.php?rest_route=\/wp\/v2\/media\/354002"}],"wp:attachment":[{"href":"https:\/\/archive.sana.sy\/es\/index.php?rest_route=%2Fwp%2Fv2%2Fmedia&parent=354001"}],"wp:term":[{"taxonomy":"category","embeddable":true,"href":"https:\/\/archive.sana.sy\/es\/index.php?rest_route=%2Fwp%2Fv2%2Fcategories&post=354001"},{"taxonomy":"post_tag","embeddable":true,"href":"https:\/\/archive.sana.sy\/es\/index.php?rest_route=%2Fwp%2Fv2%2Ftags&post=354001"}],"curies":[{"name":"wp","href":"https:\/\/api.w.org\/{rel}","templated":true}]}}