{"id":354007,"date":"2025-05-21T09:03:33","date_gmt":"2025-05-21T06:03:33","guid":{"rendered":"https:\/\/sana.sy\/es\/?p=354007"},"modified":"2025-05-21T09:03:40","modified_gmt":"2025-05-21T06:03:40","slug":"turkiye-celebra-el-levantamiento-de-las-sanciones-estadounidenses-y-europeas-contra-siria","status":"publish","type":"post","link":"https:\/\/archive.sana.sy\/es\/?p=354007","title":{"rendered":"T\u00fcrkiye celebra el levantamiento de las sanciones estadounidenses y europeas contra Siria"},"content":{"rendered":"<p style=\"text-align: justify;\"><span style=\"color: #800000;\"><strong>Ankara, 21 may (SANA) <\/strong><\/span>El vicepresidente turco, Cevdet Yilmaz, salud\u00f3 el levantamiento de las sanciones contra Siria por parte de Estados Unidos y la Uni\u00f3n Europea.<\/p>\n<p style=\"text-align: justify;\">\u201cLas decisiones tomadas por Estados Unidos y la Uni\u00f3n Europea de levantar las sanciones a Siria son pasos muy positivos\u201d, escribi\u00f3 Yilmaz en una publicaci\u00f3n en su cuenta X.<\/p>\n<p style=\"text-align: justify;\">Yilmaz consider\u00f3 que la continuaci\u00f3n de estas sanciones, impuestas anteriormente al antiguo r\u00e9gimen autoritario, se convertir\u00eda en un castigo para el inocente pueblo sirio y en un obst\u00e1culo para el proceso de reconstrucci\u00f3n sirio.<\/p>\n<p style=\"text-align: justify;\">Afirm\u00f3 el continuo apoyo turco a la estabilidad y el bienestar del pueblo sirio.<\/p>\n","protected":false},"excerpt":{"rendered":"<p>Ankara, 21 may (SANA) El vicepresidente turco, Cevdet Yilmaz, salud\u00f3 el levantamiento de las sanciones contra Siria por parte de Estados Unidos y la Uni\u00f3n Europea. \u201cLas decisiones tomadas por Estados Unidos y la Uni\u00f3n Europea de levantar las sanciones a Siria son pasos muy positivos\u201d, escribi\u00f3 Yilmaz en una publicaci\u00f3n en su cuenta X. &hellip;<\/p>\n","protected":false},"author":42,"featured_media":354008,"comment_status":"closed","ping_status":"closed","sticky":false,"template":"","format":"standard","meta":{"footnotes":""},"categories":[597,20724,467,7541],"tags":[],"class_list":["post-354007","post","type-post","status-publish","format-standard","has-post-thumbnail","","category-cinta-de-noticias","category-minuto-a-minuto","category-siria-y-el-mundo","category-ultimas-noticias"],"_links":{"self":[{"href":"https:\/\/archive.sana.sy\/es\/index.php?rest_route=\/wp\/v2\/posts\/354007"}],"collection":[{"href":"https:\/\/archive.sana.sy\/es\/index.php?rest_route=\/wp\/v2\/posts"}],"about":[{"href":"https:\/\/archive.sana.sy\/es\/index.php?rest_route=\/wp\/v2\/types\/post"}],"author":[{"embeddable":true,"href":"https:\/\/archive.sana.sy\/es\/index.php?rest_route=\/wp\/v2\/users\/42"}],"replies":[{"embeddable":true,"href":"https:\/\/archive.sana.sy\/es\/index.php?rest_route=%2Fwp%2Fv2%2Fcomments&post=354007"}],"version-history":[{"count":1,"href":"https:\/\/archive.sana.sy\/es\/index.php?rest_route=\/wp\/v2\/posts\/354007\/revisions"}],"predecessor-version":[{"id":354009,"href":"https:\/\/archive.sana.sy\/es\/index.php?rest_route=\/wp\/v2\/posts\/354007\/revisions\/354009"}],"wp:featuredmedia":[{"embeddable":true,"href":"https:\/\/archive.sana.sy\/es\/index.php?rest_route=\/wp\/v2\/media\/354008"}],"wp:attachment":[{"href":"https:\/\/archive.sana.sy\/es\/index.php?rest_route=%2Fwp%2Fv2%2Fmedia&parent=354007"}],"wp:term":[{"taxonomy":"category","embeddable":true,"href":"https:\/\/archive.sana.sy\/es\/index.php?rest_route=%2Fwp%2Fv2%2Fcategories&post=354007"},{"taxonomy":"post_tag","embeddable":true,"href":"https:\/\/archive.sana.sy\/es\/index.php?rest_route=%2Fwp%2Fv2%2Ftags&post=354007"}],"curies":[{"name":"wp","href":"https:\/\/api.w.org\/{rel}","templated":true}]}}